{"id":5365,"date":"2014-01-14T14:12:36","date_gmt":"2014-01-14T17:12:36","guid":{"rendered":"http:\/\/lenidavid.com.br\/?p=5365"},"modified":"2014-01-14T14:12:36","modified_gmt":"2014-01-14T17:12:36","slug":"mudanca-na-direcao-do-cuca","status":"publish","type":"post","link":"https:\/\/lenidavid.com.br\/?p=5365","title":{"rendered":"Mudan\u00e7a na dire\u00e7\u00e3o do Cuca"},"content":{"rendered":"<p>&nbsp;<\/p>\n<p style=\"text-align: justify;\"><img loading=\"lazy\" decoding=\"async\" class=\"aligncenter size-full wp-image-5366\" alt=\"selma_soares_e_celismara_gomes_foto_ailton_pitombo\" src=\"http:\/\/lenidavid.com.br\/wp-content\/uploads\/2014\/01\/selma_soares_e_celismara_gomes_foto_ailton_pitombo.jpg\" width=\"513\" height=\"385\" srcset=\"https:\/\/lenidavid.com.br\/wp-content\/uploads\/2014\/01\/selma_soares_e_celismara_gomes_foto_ailton_pitombo.jpg 513w, https:\/\/lenidavid.com.br\/wp-content\/uploads\/2014\/01\/selma_soares_e_celismara_gomes_foto_ailton_pitombo-300x225.jpg 300w, https:\/\/lenidavid.com.br\/wp-content\/uploads\/2014\/01\/selma_soares_e_celismara_gomes_foto_ailton_pitombo-399x300.jpg 399w\" sizes=\"auto, (max-width: 513px) 100vw, 513px\" \/>\u00a0\u00a0\u00a0\u00a0\u00a0\u00a0\u00a0\u00a0\u00a0\u00a0\u00a0\u00a0\u00a0\u00a0\u00a0 Selma Soares e Celismara Gomes &#8211; Foto: Ailton Pitombo<\/p>\n<p style=\"text-align: justify;\"><span style=\"color: #000000; font-family: Times New Roman;\">Foi empossada na manh\u00e3 desta segunda-feira (13) a nova diretora do Centro Universit\u00e1rio de Cultura e Arte (Cuca) da Universidade Estadual de Feira de Santana. Selma Soares de Oliveira, professora do Departamento de Letras e Artes (DLA) e tamb\u00e9m muse\u00f3loga da Uefs, j\u00e1 esteve \u00e0 frente do Cuca no per\u00edodo de 2007 a 2010.<\/span><\/p>\n<p style=\"text-align: justify;\"><span style=\"color: #000000; font-family: Times New Roman;\">Na solenidade, realizada na Reitoria, a nova diretora afirmou que dar\u00e1 continuidade ao que classificou de excelente trabalho j\u00e1 desenvolvido pela equipe do Cuca. \u201cFui estimulada a retornar pelo projeto pol\u00edtico cultural da Uefs e tamb\u00e9m pela equipe que sei que poderei contar. Como diferencial, pretendo estreitar os la\u00e7os entre o Cuca e a Secretaria de Cultura de Feira de Santana. O principal objetivo \u00e9 aumentar o n\u00famero de eventos culturais abertos \u00e0 comunidade\u201d, destacou.<\/span><\/p>\n<p style=\"text-align: justify;\"><span style=\"color: #000000; font-family: Times New Roman;\">Presente no evento, o reitor da Uefs, Jos\u00e9 Carlos Barreto, agradeceu a colabora\u00e7\u00e3o da antiga gestora, Celismara Gomes, e desejou sucesso a Selma Soares. Tamb\u00e9m participaram da solenidade, o secret\u00e1rio municipal de Cultura, Jailton Batista, funcion\u00e1rios do Cuca e artistas feirenses. <\/span><\/p>\n<p style=\"text-align: justify;\"><span style=\"color: #000000; font-family: Times New Roman;\">J\u00falia do Monte &#8211; Ascom\/Uefs<\/span><\/p>\n<p>&nbsp;<\/p>\n<p><span style=\"color: #000000; font-family: Times New Roman;\">\u00a0<\/span><\/p>\n","protected":false},"excerpt":{"rendered":"<p>&nbsp; \u00a0\u00a0\u00a0\u00a0\u00a0\u00a0\u00a0\u00a0\u00a0\u00a0\u00a0\u00a0\u00a0\u00a0\u00a0 Selma Soares e Celismara Gomes &#8211; Foto: Ailton Pitombo Foi empossada na manh\u00e3 desta segunda-feira (13) a nova diretora do Centro Universit\u00e1rio de Cultura e Arte (Cuca) da Universidade Estadual de Feira de Santana. Selma Soares de Oliveira, &hellip; <a href=\"https:\/\/lenidavid.com.br\/?p=5365\">Continue lendo <span class=\"meta-nav\">&rarr;<\/span><\/a><\/p>\n","protected":false},"author":1,"featured_media":0,"comment_status":"open","ping_status":"open","sticky":false,"template":"","format":"standard","meta":{"footnotes":""},"categories":[1],"tags":[382,1859,1593],"class_list":["post-5365","post","type-post","status-publish","format-standard","hentry","category-uncategorized","tag-cuca","tag-feira-de-santana","tag-mudanca-de-diretoria"],"_links":{"self":[{"href":"https:\/\/lenidavid.com.br\/index.php?rest_route=\/wp\/v2\/posts\/5365","targetHints":{"allow":["GET"]}}],"collection":[{"href":"https:\/\/lenidavid.com.br\/index.php?rest_route=\/wp\/v2\/posts"}],"about":[{"href":"https:\/\/lenidavid.com.br\/index.php?rest_route=\/wp\/v2\/types\/post"}],"author":[{"embeddable":true,"href":"https:\/\/lenidavid.com.br\/index.php?rest_route=\/wp\/v2\/users\/1"}],"replies":[{"embeddable":true,"href":"https:\/\/lenidavid.com.br\/index.php?rest_route=%2Fwp%2Fv2%2Fcomments&post=5365"}],"version-history":[{"count":1,"href":"https:\/\/lenidavid.com.br\/index.php?rest_route=\/wp\/v2\/posts\/5365\/revisions"}],"predecessor-version":[{"id":5367,"href":"https:\/\/lenidavid.com.br\/index.php?rest_route=\/wp\/v2\/posts\/5365\/revisions\/5367"}],"wp:attachment":[{"href":"https:\/\/lenidavid.com.br\/index.php?rest_route=%2Fwp%2Fv2%2Fmedia&parent=5365"}],"wp:term":[{"taxonomy":"category","embeddable":true,"href":"https:\/\/lenidavid.com.br\/index.php?rest_route=%2Fwp%2Fv2%2Fcategories&post=5365"},{"taxonomy":"post_tag","embeddable":true,"href":"https:\/\/lenidavid.com.br\/index.php?rest_route=%2Fwp%2Fv2%2Ftags&post=5365"}],"curies":[{"name":"wp","href":"https:\/\/api.w.org\/{rel}","templated":true}]}}