{"id":5500,"date":"2014-03-25T15:32:44","date_gmt":"2014-03-25T18:32:44","guid":{"rendered":"http:\/\/lenidavid.com.br\/?p=5500"},"modified":"2014-03-25T15:32:44","modified_gmt":"2014-03-25T18:32:44","slug":"paris-torre-eiffel-investe-em-energia-limpa","status":"publish","type":"post","link":"https:\/\/lenidavid.com.br\/?p=5500","title":{"rendered":"Paris &#8211; Torre Eiffel investe em energia limpa"},"content":{"rendered":"<p>&nbsp;<\/p>\n<p style=\"text-align: center;\"><strong>Torre Eiffel vai produzir energia limpa e filtrar \u00e1gua da chuva<\/strong><\/p>\n<p style=\"text-align: justify;\">\n<p style=\"text-align: justify;\">O primeiro andar da Torre Eiffel ser\u00e1 completamente restaurado at\u00e9 o final de 2014, num conjunto de obras que inclui a instala\u00e7\u00e3o de pain\u00e9is solares, turbinas e\u00f3licas e sistemas de reaproveitamento da \u00e1gua das chuvas. O objetivo \u00e9 fazer com que a ado\u00e7\u00e3o das fontes de energia limpa diminua a pegada ecol\u00f3gica do local, que tamb\u00e9m ter\u00e1 novas medidas de acessibilidade, melhorando a experi\u00eancia de turismo das pessoas com necessidades especiais e mobilidade reduzida.<\/p>\n<p style=\"text-align: justify;\">O projeto de restaura\u00e7\u00e3o teve in\u00edcio em 2012 e demandou uma verba total de 24,9 milh\u00f5es de euros, utilizados tamb\u00e9m para a demoli\u00e7\u00e3o e reconstru\u00e7\u00e3o de algumas partes do primeiro andar e dos pavilh\u00f5es Ferri\u00e9, onde se encontram servi\u00e7os, como restaurantes e lojas. Os pain\u00e9is e turbinas e\u00f3licas na estrutura v\u00e3o produzir eletricidade limpa para iluminar o ponto tur\u00edstico, que apenas utiliza l\u00e2mpadas de LED.<\/p>\n<p style=\"text-align: justify;\">\u00a0<a href=\"http:\/\/lenidavid.com.br\/wp-content\/uploads\/2014\/03\/tour_eiffel.jpg\"><img loading=\"lazy\" decoding=\"async\" class=\"aligncenter size-full wp-image-5501\" alt=\"tour_eiffel\" src=\"http:\/\/lenidavid.com.br\/wp-content\/uploads\/2014\/03\/tour_eiffel.jpg\" width=\"620\" height=\"413\" srcset=\"https:\/\/lenidavid.com.br\/wp-content\/uploads\/2014\/03\/tour_eiffel.jpg 620w, https:\/\/lenidavid.com.br\/wp-content\/uploads\/2014\/03\/tour_eiffel-300x199.jpg 300w, https:\/\/lenidavid.com.br\/wp-content\/uploads\/2014\/03\/tour_eiffel-450x300.jpg 450w\" sizes=\"auto, (max-width: 620px) 100vw, 620px\" \/><\/a><\/p>\n<p style=\"text-align: justify;\">Segundo o site InHabitat, quatro moinhos de vento instalados na torre ser\u00e3o os respons\u00e1veis por gerar energia para um sistema de filtragem da \u00e1gua das chuvas, que ser\u00e1 captada por meio de um m\u00f3dulo de escoamento inserido na estrutura. Al\u00e9m de restaurantes e lojas, a \u00e1rea tamb\u00e9m abrigar\u00e1 um museu ao ar livre, um anfiteatro e salas de reuni\u00f5es.<\/p>\n<p style=\"text-align: justify;\">\u00a0<a href=\"http:\/\/lenidavid.com.br\/wp-content\/uploads\/2014\/03\/torre_eiffel2.jpg\"><img loading=\"lazy\" decoding=\"async\" class=\"aligncenter size-full wp-image-5502\" alt=\"torre_eiffel2\" src=\"http:\/\/lenidavid.com.br\/wp-content\/uploads\/2014\/03\/torre_eiffel2.jpg\" width=\"1200\" height=\"792\" srcset=\"https:\/\/lenidavid.com.br\/wp-content\/uploads\/2014\/03\/torre_eiffel2.jpg 1200w, https:\/\/lenidavid.com.br\/wp-content\/uploads\/2014\/03\/torre_eiffel2-300x198.jpg 300w, https:\/\/lenidavid.com.br\/wp-content\/uploads\/2014\/03\/torre_eiffel2-1024x675.jpg 1024w, https:\/\/lenidavid.com.br\/wp-content\/uploads\/2014\/03\/torre_eiffel2-454x300.jpg 454w\" sizes=\"auto, (max-width: 1200px) 100vw, 1200px\" \/><\/a><\/p>\n<p style=\"text-align: justify;\">Projetadas pelo escrit\u00f3rio de arquitetura Moatti-Rivi\u00e8re, as reformas do primeiro andar da Torre Eiffel incluem a instala\u00e7\u00e3o de um piso transparente, para que os visitantes possam olhar para baixo e perceberem que est\u00e3o a 57 metros acima do ch\u00e3o. Al\u00e9m disso, o local vai ganhar varandas, permitindo que os turistas enxerguem Paris por um \u00e2ngulo diferente \u2013 e muito mais sustent\u00e1vel.<\/p>\n<p><a href=\"http:\/\/ciclovivo.com.br\/noticia\/torre-eiffel-vai-produzir-energia-limpa-e-filtrar-agua-da-chuva\">Reda\u00e7\u00e3o CicloVivo<\/a><\/p>\n<p>&nbsp;<\/p>\n","protected":false},"excerpt":{"rendered":"<p>&nbsp; Torre Eiffel vai produzir energia limpa e filtrar \u00e1gua da chuva O primeiro andar da Torre Eiffel ser\u00e1 completamente restaurado at\u00e9 o final de 2014, num conjunto de obras que inclui a instala\u00e7\u00e3o de pain\u00e9is solares, turbinas e\u00f3licas e &hellip; <a href=\"https:\/\/lenidavid.com.br\/?p=5500\">Continue lendo <span class=\"meta-nav\">&rarr;<\/span><\/a><\/p>\n","protected":false},"author":1,"featured_media":0,"comment_status":"open","ping_status":"open","sticky":false,"template":"","format":"standard","meta":{"footnotes":""},"categories":[374],"tags":[1656,1657,174,169,1007],"class_list":["post-5500","post","type-post","status-publish","format-standard","hentry","category-curiosidades","tag-energia-limpa","tag-energia-solar","tag-franca","tag-paris","tag-torre-eiffel"],"_links":{"self":[{"href":"https:\/\/lenidavid.com.br\/index.php?rest_route=\/wp\/v2\/posts\/5500","targetHints":{"allow":["GET"]}}],"collection":[{"href":"https:\/\/lenidavid.com.br\/index.php?rest_route=\/wp\/v2\/posts"}],"about":[{"href":"https:\/\/lenidavid.com.br\/index.php?rest_route=\/wp\/v2\/types\/post"}],"author":[{"embeddable":true,"href":"https:\/\/lenidavid.com.br\/index.php?rest_route=\/wp\/v2\/users\/1"}],"replies":[{"embeddable":true,"href":"https:\/\/lenidavid.com.br\/index.php?rest_route=%2Fwp%2Fv2%2Fcomments&post=5500"}],"version-history":[{"count":1,"href":"https:\/\/lenidavid.com.br\/index.php?rest_route=\/wp\/v2\/posts\/5500\/revisions"}],"predecessor-version":[{"id":5503,"href":"https:\/\/lenidavid.com.br\/index.php?rest_route=\/wp\/v2\/posts\/5500\/revisions\/5503"}],"wp:attachment":[{"href":"https:\/\/lenidavid.com.br\/index.php?rest_route=%2Fwp%2Fv2%2Fmedia&parent=5500"}],"wp:term":[{"taxonomy":"category","embeddable":true,"href":"https:\/\/lenidavid.com.br\/index.php?rest_route=%2Fwp%2Fv2%2Fcategories&post=5500"},{"taxonomy":"post_tag","embeddable":true,"href":"https:\/\/lenidavid.com.br\/index.php?rest_route=%2Fwp%2Fv2%2Ftags&post=5500"}],"curies":[{"name":"wp","href":"https:\/\/api.w.org\/{rel}","templated":true}]}}