{"id":5551,"date":"2014-04-10T13:16:08","date_gmt":"2014-04-10T16:16:08","guid":{"rendered":"http:\/\/lenidavid.com.br\/?p=5551"},"modified":"2014-05-30T15:17:07","modified_gmt":"2014-05-30T18:17:07","slug":"projeto-por-do-sol-promove-show-com-dionorina-ao-campus-da-uefs","status":"publish","type":"post","link":"https:\/\/lenidavid.com.br\/?p=5551","title":{"rendered":"Projeto P\u00f4r do Sol &#8211; Show com Dionorina no campus da Uefs"},"content":{"rendered":"<p align=\"center\"><a href=\"http:\/\/lenidavid.com.br\/wp-content\/uploads\/2014\/04\/Dionorina.jpg\">\u00a0<\/a><\/p>\n<p style=\"text-align: justify;\">O Centro Universit\u00e1rio de Cultura e Arte (Cuca) inicia as atividades do projeto P\u00f4r do Sol segunda-feira (14), \u00e0s 17h, na pra\u00e7a do m\u00f3dulo 7 da Universidade Estadual de Feira de Santana (Uefs). O cantor Dionorina leva ao campus a apresenta\u00e7\u00e3o &#8220;Ao por do Sol&#8221;.<\/p>\n<p style=\"text-align: justify;\">O projeto come\u00e7ou em 2009 e faz parte das atividades art\u00edsticas e culturais que a Uefs, atrav\u00e9s do Cuca, realiza para a comunidade acad\u00eamica e externa. As apresenta\u00e7\u00f5es do projeto s\u00e3o gratuitas e abertas ao p\u00fablico.<\/p>\n<p style=\"text-align: justify;\">Mais informa\u00e7\u00f5es atrav\u00e9s dos telefones (75) 3221-9766 ou 3221-9744.<\/p>\n<p>&nbsp;<\/p>\n<p>Projeto P\u00f4r do Sol<\/p>\n<p>Show: Dionorina &#8211; Ao p\u00f4r do Sol<\/p>\n<p>14 de abril, 17h<\/p>\n<p>Pra\u00e7a P\u00f4r do Sol, m\u00f3dulo 7, Uefs<\/p>\n<p>.<\/p>\n<p>&nbsp;<\/p>\n","protected":false},"excerpt":{"rendered":"<p>\u00a0 O Centro Universit\u00e1rio de Cultura e Arte (Cuca) inicia as atividades do projeto P\u00f4r do Sol segunda-feira (14), \u00e0s 17h, na pra\u00e7a do m\u00f3dulo 7 da Universidade Estadual de Feira de Santana (Uefs). O cantor Dionorina leva ao campus &hellip; <a href=\"https:\/\/lenidavid.com.br\/?p=5551\">Continue lendo <span class=\"meta-nav\">&rarr;<\/span><\/a><\/p>\n","protected":false},"author":1,"featured_media":0,"comment_status":"open","ping_status":"open","sticky":false,"template":"","format":"standard","meta":{"footnotes":""},"categories":[1],"tags":[384,1674,413],"class_list":["post-5551","post","type-post","status-publish","format-standard","hentry","category-uncategorized","tag-dionorina","tag-projeto-por-do-sol","tag-uefs"],"_links":{"self":[{"href":"https:\/\/lenidavid.com.br\/index.php?rest_route=\/wp\/v2\/posts\/5551","targetHints":{"allow":["GET"]}}],"collection":[{"href":"https:\/\/lenidavid.com.br\/index.php?rest_route=\/wp\/v2\/posts"}],"about":[{"href":"https:\/\/lenidavid.com.br\/index.php?rest_route=\/wp\/v2\/types\/post"}],"author":[{"embeddable":true,"href":"https:\/\/lenidavid.com.br\/index.php?rest_route=\/wp\/v2\/users\/1"}],"replies":[{"embeddable":true,"href":"https:\/\/lenidavid.com.br\/index.php?rest_route=%2Fwp%2Fv2%2Fcomments&post=5551"}],"version-history":[{"count":4,"href":"https:\/\/lenidavid.com.br\/index.php?rest_route=\/wp\/v2\/posts\/5551\/revisions"}],"predecessor-version":[{"id":5653,"href":"https:\/\/lenidavid.com.br\/index.php?rest_route=\/wp\/v2\/posts\/5551\/revisions\/5653"}],"wp:attachment":[{"href":"https:\/\/lenidavid.com.br\/index.php?rest_route=%2Fwp%2Fv2%2Fmedia&parent=5551"}],"wp:term":[{"taxonomy":"category","embeddable":true,"href":"https:\/\/lenidavid.com.br\/index.php?rest_route=%2Fwp%2Fv2%2Fcategories&post=5551"},{"taxonomy":"post_tag","embeddable":true,"href":"https:\/\/lenidavid.com.br\/index.php?rest_route=%2Fwp%2Fv2%2Ftags&post=5551"}],"curies":[{"name":"wp","href":"https:\/\/api.w.org\/{rel}","templated":true}]}}