{"id":5558,"date":"2014-04-10T21:52:44","date_gmt":"2014-04-11T00:52:44","guid":{"rendered":"http:\/\/lenidavid.com.br\/?p=5558"},"modified":"2014-04-10T21:52:44","modified_gmt":"2014-04-11T00:52:44","slug":"paixao-de-cristo-sera-encenada-em-feira-de-santana","status":"publish","type":"post","link":"https:\/\/lenidavid.com.br\/?p=5558","title":{"rendered":"Paix\u00e3o de Cristo ser\u00e1 encenada em Feira de Santana"},"content":{"rendered":"<p style=\"text-align: center;\" align=\"center\"><a href=\"http:\/\/lenidavid.com.br\/wp-content\/uploads\/2014\/04\/grupo_renascer_paixao_cristo2.jpg\"><img loading=\"lazy\" decoding=\"async\" class=\"aligncenter size-full wp-image-5559\" alt=\"grupo_renascer_paixao_cristo2\" src=\"http:\/\/lenidavid.com.br\/wp-content\/uploads\/2014\/04\/grupo_renascer_paixao_cristo2.jpg\" width=\"535\" height=\"355\" srcset=\"https:\/\/lenidavid.com.br\/wp-content\/uploads\/2014\/04\/grupo_renascer_paixao_cristo2.jpg 535w, https:\/\/lenidavid.com.br\/wp-content\/uploads\/2014\/04\/grupo_renascer_paixao_cristo2-300x199.jpg 300w, https:\/\/lenidavid.com.br\/wp-content\/uploads\/2014\/04\/grupo_renascer_paixao_cristo2-452x300.jpg 452w\" sizes=\"auto, (max-width: 535px) 100vw, 535px\" \/><\/a><\/p>\n<p style=\"text-align: justify;\">O \u00a0p\u00fablico baiano poder\u00e1 apreciar uma das maiores apresenta\u00e7\u00f5es teatrais ao ar livre do Estado; a partir desta sexta-feira at\u00e9 domingo (11 a 13 de abril), no Parque de Exposi\u00e7\u00e3o Jo\u00e3o Martins da Silva, em Feira de Santana, a partir das 19h. Trata-se da \u201cPaix\u00e3o e Morte de Cristo\u201d, encenada pelo Grupo Teatral Renascer, com mais de 150 personagens.<\/p>\n<p style=\"text-align: justify;\">Para assistir ao espet\u00e1culo o acesso \u00e9 gratuito. Mas, quem desejar poder\u00e1 contribuir com um quilo de alimento n\u00e3o perec\u00edvel que ser\u00e1 doado a entidades que prestam assist\u00eancia social.<\/p>\n<p style=\"text-align: justify;\">Segundo Bet\u00e2nia Knoedt, membro do Grupo Renascer, a iniciativa cresce a cada ano, tanto no n\u00famero de figurantes, como no de p\u00fablico e equipamentos utilizados nas cenas. At\u00e9 2012, por exemplo, P\u00f4ncio Pilatos aparecia sempre \u00e0 p\u00e9, mas agora chegar\u00e1 de carruagem, refor\u00e7ando o personagem que representava \u00e0 \u00e9poca, o poderio do Imp\u00e9rio Romano.<\/p>\n<p style=\"text-align: center;\"><a href=\"http:\/\/lenidavid.com.br\/wp-content\/uploads\/2014\/04\/grupo_renascer_paixao_cristo3.jpg\"><img loading=\"lazy\" decoding=\"async\" class=\"aligncenter size-full wp-image-5561\" alt=\"grupo_renascer_paixao_cristo3\" src=\"http:\/\/lenidavid.com.br\/wp-content\/uploads\/2014\/04\/grupo_renascer_paixao_cristo3.jpg\" width=\"535\" height=\"355\" srcset=\"https:\/\/lenidavid.com.br\/wp-content\/uploads\/2014\/04\/grupo_renascer_paixao_cristo3.jpg 535w, https:\/\/lenidavid.com.br\/wp-content\/uploads\/2014\/04\/grupo_renascer_paixao_cristo3-300x199.jpg 300w, https:\/\/lenidavid.com.br\/wp-content\/uploads\/2014\/04\/grupo_renascer_paixao_cristo3-452x300.jpg 452w\" sizes=\"auto, (max-width: 535px) 100vw, 535px\" \/><\/a><\/p>\n<p style=\"text-align: justify;\">O Grupo Teatral Renascer encena a Paix\u00e3o de Cristo h\u00e1 27 anos, buscando evangelizar atrav\u00e9s da arte. Durante o ano, o espet\u00e1culo \u00e9 certo em pelo menos dois per\u00edodos: na Semana Santa e nos festejos natalinos.<\/p>\n<p style=\"text-align: justify;\">Fundado por Isa Miranda Cruz, que al\u00e9m de coordenadora \u00e9 diretora de Cen\u00e1rio e Figurino, o Grupo Teatral Renascer tem tamb\u00e9m \u00e0 frente F\u00e1bio Bittencourt Figueiredo, que al\u00e9m de diretor geral, interpreta o personagem mais importante de toda a hist\u00f3ria da humanidade, Jesus Cristo.<\/p>\n<p style=\"text-align: center;\"><a href=\"http:\/\/lenidavid.com.br\/wp-content\/uploads\/2014\/04\/grupo_renascer_paixao_cristo.jpg\"><img loading=\"lazy\" decoding=\"async\" class=\"aligncenter size-full wp-image-5562\" alt=\"grupo_renascer_paixao_cristo\" src=\"http:\/\/lenidavid.com.br\/wp-content\/uploads\/2014\/04\/grupo_renascer_paixao_cristo.jpg\" width=\"528\" height=\"331\" srcset=\"https:\/\/lenidavid.com.br\/wp-content\/uploads\/2014\/04\/grupo_renascer_paixao_cristo.jpg 528w, https:\/\/lenidavid.com.br\/wp-content\/uploads\/2014\/04\/grupo_renascer_paixao_cristo-300x188.jpg 300w, https:\/\/lenidavid.com.br\/wp-content\/uploads\/2014\/04\/grupo_renascer_paixao_cristo-478x300.jpg 478w\" sizes=\"auto, (max-width: 528px) 100vw, 528px\" \/><\/a><\/p>\n<p style=\"text-align: justify;\">\n<p>.<\/p>\n","protected":false},"excerpt":{"rendered":"<p>O \u00a0p\u00fablico baiano poder\u00e1 apreciar uma das maiores apresenta\u00e7\u00f5es teatrais ao ar livre do Estado; a partir desta sexta-feira at\u00e9 domingo (11 a 13 de abril), no Parque de Exposi\u00e7\u00e3o Jo\u00e3o Martins da Silva, em Feira de Santana, a partir &hellip; <a href=\"https:\/\/lenidavid.com.br\/?p=5558\">Continue lendo <span class=\"meta-nav\">&rarr;<\/span><\/a><\/p>\n","protected":false},"author":1,"featured_media":0,"comment_status":"open","ping_status":"open","sticky":false,"template":"","format":"standard","meta":{"footnotes":""},"categories":[1],"tags":[1859,1677,1676,587],"class_list":["post-5558","post","type-post","status-publish","format-standard","hentry","category-uncategorized","tag-feira-de-santana","tag-grupo-de-teatro-renascer","tag-paixao-de-cristo","tag-teatro"],"_links":{"self":[{"href":"https:\/\/lenidavid.com.br\/index.php?rest_route=\/wp\/v2\/posts\/5558","targetHints":{"allow":["GET"]}}],"collection":[{"href":"https:\/\/lenidavid.com.br\/index.php?rest_route=\/wp\/v2\/posts"}],"about":[{"href":"https:\/\/lenidavid.com.br\/index.php?rest_route=\/wp\/v2\/types\/post"}],"author":[{"embeddable":true,"href":"https:\/\/lenidavid.com.br\/index.php?rest_route=\/wp\/v2\/users\/1"}],"replies":[{"embeddable":true,"href":"https:\/\/lenidavid.com.br\/index.php?rest_route=%2Fwp%2Fv2%2Fcomments&post=5558"}],"version-history":[{"count":1,"href":"https:\/\/lenidavid.com.br\/index.php?rest_route=\/wp\/v2\/posts\/5558\/revisions"}],"predecessor-version":[{"id":5563,"href":"https:\/\/lenidavid.com.br\/index.php?rest_route=\/wp\/v2\/posts\/5558\/revisions\/5563"}],"wp:attachment":[{"href":"https:\/\/lenidavid.com.br\/index.php?rest_route=%2Fwp%2Fv2%2Fmedia&parent=5558"}],"wp:term":[{"taxonomy":"category","embeddable":true,"href":"https:\/\/lenidavid.com.br\/index.php?rest_route=%2Fwp%2Fv2%2Fcategories&post=5558"},{"taxonomy":"post_tag","embeddable":true,"href":"https:\/\/lenidavid.com.br\/index.php?rest_route=%2Fwp%2Fv2%2Ftags&post=5558"}],"curies":[{"name":"wp","href":"https:\/\/api.w.org\/{rel}","templated":true}]}}