{"id":5628,"date":"2014-05-20T17:48:58","date_gmt":"2014-05-20T20:48:58","guid":{"rendered":"http:\/\/lenidavid.com.br\/?p=5628"},"modified":"2014-05-30T14:52:52","modified_gmt":"2014-05-30T17:52:52","slug":"cuca-convida-para-a-final-do-7o-festival-de-sanfoneiros","status":"publish","type":"post","link":"https:\/\/lenidavid.com.br\/?p=5628","title":{"rendered":"Cuca convida para a final do 7\u00ba Festival de Sanfoneiros"},"content":{"rendered":"<p>&nbsp;<\/p>\n<p><a href=\"http:\/\/lenidavid.com.br\/wp-content\/uploads\/2014\/05\/AConvite-Festival-de-Sanfoneiros-2014.jpg\">\u00a0<\/a><\/p>\n<p><strong>A TVE Bahia transmite a final do 7\u00ba Festival de Sanfoneiros<\/strong><\/p>\n<p style=\"text-align: justify;\">A TVE Bahia, \u00f3rg\u00e3o de comunica\u00e7\u00e3o vinculado ao Instituto de Radiodifus\u00e3o Educativa do Estado da Bahia (Irdeb), confirmou a transmiss\u00e3o ao vivo da grande final do 7\u00ba Festival de Sanfoneiros, evento executado pela Universidade Estadual de Feira de Santana e que ser\u00e1 realizado nesta quinta-feira (22), a partir das 19h, no Audit\u00f3rio Central, campus universit\u00e1rio. A diretora do Centro Universit\u00e1rio de Cultura e Arte (Cuca), Selma Oliveira, revelou que o interesse pela transmiss\u00e3o partiu da pr\u00f3pria TVE Bahia, o que, conforme salienta, demonstra a import\u00e2ncia do evento para a cultura popular nordestina.<\/p>\n<p style=\"text-align: justify;\">Artistas de diversos munic\u00edpios baianos e de outros estados brasileiros participam do 7\u00ba Festival de Sanfoneiros, evento que tem o objetivo de incentivar e manter vivo um dos mais tradicionais s\u00edmbolos da cultura nordestina, a sanfona. A expectativa de p\u00fablico \u00e9 de mil pessoas.<\/p>\n<div id=\"attachment_5631\" style=\"width: 553px\" class=\"wp-caption aligncenter\"><a href=\"http:\/\/lenidavid.com.br\/wp-content\/uploads\/2014\/05\/A-Festival-de-Sanfoneiros-C\u00edcero-Paulo-Ferreira-Foto-Bernardo-Bezerra-2013.jpg\"><img loading=\"lazy\" decoding=\"async\" aria-describedby=\"caption-attachment-5631\" class=\"size-full wp-image-5631\" alt=\"Bernardo Bezerra\" src=\"http:\/\/lenidavid.com.br\/wp-content\/uploads\/2014\/05\/A-Festival-de-Sanfoneiros-C\u00edcero-Paulo-Ferreira-Foto-Bernardo-Bezerra-2013.jpg\" width=\"543\" height=\"363\" srcset=\"https:\/\/lenidavid.com.br\/wp-content\/uploads\/2014\/05\/A-Festival-de-Sanfoneiros-C\u00edcero-Paulo-Ferreira-Foto-Bernardo-Bezerra-2013.jpg 543w, https:\/\/lenidavid.com.br\/wp-content\/uploads\/2014\/05\/A-Festival-de-Sanfoneiros-C\u00edcero-Paulo-Ferreira-Foto-Bernardo-Bezerra-2013-300x200.jpg 300w, https:\/\/lenidavid.com.br\/wp-content\/uploads\/2014\/05\/A-Festival-de-Sanfoneiros-C\u00edcero-Paulo-Ferreira-Foto-Bernardo-Bezerra-2013-448x300.jpg 448w\" sizes=\"auto, (max-width: 543px) 100vw, 543px\" \/><\/a><p id=\"caption-attachment-5631\" class=\"wp-caption-text\">Foto: Bernardo Bezerra<\/p><\/div>\n<p style=\"text-align: justify;\">Al\u00e9m de assistir e vibrar com a apresenta\u00e7\u00e3o dos finalistas e de outras atra\u00e7\u00f5es art\u00edsticas, os presentes poder\u00e3o se deliciar com bebidas e comidas t\u00edpicas nos estandes e barracas instalados no entorno do Audit\u00f3rio Central. Haver\u00e1 exibi\u00e7\u00e3o de filmes com temas relacionados \u00e0 cultura e artistas nordestinos, como Luiz Gonzaga e Dominguinhos, e show do m\u00fasico Xangai.<\/p>\n<p style=\"text-align: justify;\">\u201cO objetivo \u00e9 fazer com que as pessoas se sintam nos tracionais ambientes nordestinos de festejos juninos, ou seja, nas ro\u00e7as, fazendas, vilarejos, fazendo com que os de mais idade revivam momentos felizes e os mais jovens aprendem a valorizar estes costumes\u201d, afirma Selma Soares, diretora do Centro Universit\u00e1rio de Cultura e Arte (Cuca), entidade vinculada \u00e0 Uefs e respons\u00e1vel pela organiza\u00e7\u00e3o e execu\u00e7\u00e3o do Festival de Sanfoneiros.<\/p>\n<div id=\"attachment_5632\" style=\"width: 553px\" class=\"wp-caption aligncenter\"><a href=\"http:\/\/lenidavid.com.br\/wp-content\/uploads\/2014\/05\/A-Festival-de-Sanfoneiros-Daniel-de-Ara\u00fajo-e-Novais-Foto-Bernardo-Bezerra-2013.jpg\"><img loading=\"lazy\" decoding=\"async\" aria-describedby=\"caption-attachment-5632\" class=\"size-full wp-image-5632\" alt=\"Foto: Bernardo Bezerra\" src=\"http:\/\/lenidavid.com.br\/wp-content\/uploads\/2014\/05\/A-Festival-de-Sanfoneiros-Daniel-de-Ara\u00fajo-e-Novais-Foto-Bernardo-Bezerra-2013.jpg\" width=\"543\" height=\"363\" srcset=\"https:\/\/lenidavid.com.br\/wp-content\/uploads\/2014\/05\/A-Festival-de-Sanfoneiros-Daniel-de-Ara\u00fajo-e-Novais-Foto-Bernardo-Bezerra-2013.jpg 543w, https:\/\/lenidavid.com.br\/wp-content\/uploads\/2014\/05\/A-Festival-de-Sanfoneiros-Daniel-de-Ara\u00fajo-e-Novais-Foto-Bernardo-Bezerra-2013-300x200.jpg 300w, https:\/\/lenidavid.com.br\/wp-content\/uploads\/2014\/05\/A-Festival-de-Sanfoneiros-Daniel-de-Ara\u00fajo-e-Novais-Foto-Bernardo-Bezerra-2013-448x300.jpg 448w\" sizes=\"auto, (max-width: 543px) 100vw, 543px\" \/><\/a><p id=\"caption-attachment-5632\" class=\"wp-caption-text\">Foto: Bernardo Bezerra<\/p><\/div>\n<p style=\"text-align: justify;\">\u00a0<strong>Premia\u00e7\u00e3o<\/strong><\/p>\n<p style=\"text-align: justify;\">Depois de uma sele\u00e7\u00e3o preliminar, 16 artistas participam desta grande final, oito na categoria 1 (at\u00e9 oito baixos) e mais oito na categoria 2 (acima de oito baixos). Os primeiros colocados em cada categoria ganham R$ 4.770; os segundos colocados, R$ 3.710 e os terceiros, R$ 2.650. Haver\u00e1, ainda, o pr\u00eamio J\u00fari Popular, tamb\u00e9m para cada categoria, no valor de R$ 1.590. A rela\u00e7\u00e3o dos artistas est\u00e1 dispon\u00edvel no portal www.uefs.br, na se\u00e7\u00e3o Not\u00edcias, e tamb\u00e9m no site do Cuca (www.uefs.br\/cuca).<\/p>\n<p style=\"text-align: justify;\">O primeiro Festival de Sanfoneiros de Feira de Santana foi realizado pela Uefs em 2008. Inicialmente, as apresenta\u00e7\u00f5es foram no Teatro do Cuca, mas o espa\u00e7o se tornou pequeno diante do grande p\u00fablico atra\u00eddo pelas apresenta\u00e7\u00f5es art\u00edsticas. O evento, ent\u00e3o, foi transferido para o Centro de Cultura Am\u00e9lio Amorim e, desde 2012, \u00e9 realizado no Audit\u00f3rio Central, localizado no campus da Uefs, com capacidade para aproximadamente mil pessoas e espa\u00e7o para estacionamento.<\/p>\n<p><a href=\"http:\/\/lenidavid.com.br\/wp-content\/uploads\/2014\/05\/A-Festival-de-Sanfoneiros-Thiago-Mendes-Souza-Foto-Bernardo-Bezerra-2013.jpg\"><img loading=\"lazy\" decoding=\"async\" class=\"aligncenter size-full wp-image-5633\" alt=\"A Festival de Sanfoneiros Thiago Mendes Souza Foto Bernardo Bezerra 2013\" src=\"http:\/\/lenidavid.com.br\/wp-content\/uploads\/2014\/05\/A-Festival-de-Sanfoneiros-Thiago-Mendes-Souza-Foto-Bernardo-Bezerra-2013.jpg\" width=\"543\" height=\"363\" srcset=\"https:\/\/lenidavid.com.br\/wp-content\/uploads\/2014\/05\/A-Festival-de-Sanfoneiros-Thiago-Mendes-Souza-Foto-Bernardo-Bezerra-2013.jpg 543w, https:\/\/lenidavid.com.br\/wp-content\/uploads\/2014\/05\/A-Festival-de-Sanfoneiros-Thiago-Mendes-Souza-Foto-Bernardo-Bezerra-2013-300x200.jpg 300w, https:\/\/lenidavid.com.br\/wp-content\/uploads\/2014\/05\/A-Festival-de-Sanfoneiros-Thiago-Mendes-Souza-Foto-Bernardo-Bezerra-2013-448x300.jpg 448w\" sizes=\"auto, (max-width: 543px) 100vw, 543px\" \/><\/a><\/p>\n<p>&nbsp;<\/p>\n","protected":false},"excerpt":{"rendered":"<p>&nbsp; \u00a0 A TVE Bahia transmite a final do 7\u00ba Festival de Sanfoneiros A TVE Bahia, \u00f3rg\u00e3o de comunica\u00e7\u00e3o vinculado ao Instituto de Radiodifus\u00e3o Educativa do Estado da Bahia (Irdeb), confirmou a transmiss\u00e3o ao vivo da grande final do 7\u00ba &hellip; <a href=\"https:\/\/lenidavid.com.br\/?p=5628\">Continue lendo <span class=\"meta-nav\">&rarr;<\/span><\/a><\/p>\n","protected":false},"author":1,"featured_media":0,"comment_status":"open","ping_status":"open","sticky":false,"template":"","format":"standard","meta":{"footnotes":""},"categories":[1],"tags":[382,1859,1507,413],"class_list":["post-5628","post","type-post","status-publish","format-standard","hentry","category-uncategorized","tag-cuca","tag-feira-de-santana","tag-final-do-festival-de-sanfoneiros","tag-uefs"],"_links":{"self":[{"href":"https:\/\/lenidavid.com.br\/index.php?rest_route=\/wp\/v2\/posts\/5628","targetHints":{"allow":["GET"]}}],"collection":[{"href":"https:\/\/lenidavid.com.br\/index.php?rest_route=\/wp\/v2\/posts"}],"about":[{"href":"https:\/\/lenidavid.com.br\/index.php?rest_route=\/wp\/v2\/types\/post"}],"author":[{"embeddable":true,"href":"https:\/\/lenidavid.com.br\/index.php?rest_route=\/wp\/v2\/users\/1"}],"replies":[{"embeddable":true,"href":"https:\/\/lenidavid.com.br\/index.php?rest_route=%2Fwp%2Fv2%2Fcomments&post=5628"}],"version-history":[{"count":2,"href":"https:\/\/lenidavid.com.br\/index.php?rest_route=\/wp\/v2\/posts\/5628\/revisions"}],"predecessor-version":[{"id":5652,"href":"https:\/\/lenidavid.com.br\/index.php?rest_route=\/wp\/v2\/posts\/5628\/revisions\/5652"}],"wp:attachment":[{"href":"https:\/\/lenidavid.com.br\/index.php?rest_route=%2Fwp%2Fv2%2Fmedia&parent=5628"}],"wp:term":[{"taxonomy":"category","embeddable":true,"href":"https:\/\/lenidavid.com.br\/index.php?rest_route=%2Fwp%2Fv2%2Fcategories&post=5628"},{"taxonomy":"post_tag","embeddable":true,"href":"https:\/\/lenidavid.com.br\/index.php?rest_route=%2Fwp%2Fv2%2Ftags&post=5628"}],"curies":[{"name":"wp","href":"https:\/\/api.w.org\/{rel}","templated":true}]}}