{"id":5817,"date":"2014-09-05T19:07:43","date_gmt":"2014-09-05T22:07:43","guid":{"rendered":"http:\/\/lenidavid.com.br\/?p=5817"},"modified":"2014-09-05T19:25:24","modified_gmt":"2014-09-05T22:25:24","slug":"uefs-editora-lancou-12-novos-tituloslancamento-de","status":"publish","type":"post","link":"https:\/\/lenidavid.com.br\/?p=5817","title":{"rendered":"UEFS Editora lan\u00e7ou 12 novos t\u00edtulos"},"content":{"rendered":"<p>&nbsp;<\/p>\n<p align=\"center\"><b>UEFS Editora lan\u00e7ou 12 novos t\u00edtulos<\/b><\/p>\n<p style=\"text-align: justify;\">A UEFS Editora lan\u00e7ou 12 novos t\u00edtulos na \u00faltima quinta-feira (4), no hall do pr\u00e9dio da Reitoria da Universidade Estadual de Feira de Santana. O lan\u00e7amento, aberto ao p\u00fablico, contou com a presen\u00e7a dos respectivos autores. As obras s\u00e3o da \u00e1rea de cinema, literatura, antropologia, lingu\u00edstica, educa\u00e7\u00e3o, sa\u00fade, bio\u00e9tica, economia, urbaniza\u00e7\u00e3o, estat\u00edstica e inform\u00e1tica.<\/p>\n<p style=\"text-align: justify;\">Como nos lan\u00e7amentos realizados desde 2010, os livros resultam de trabalhos de pesquisa, mas nem todos se baseiam em teses ou disserta\u00e7\u00f5es. Tr\u00eas deles focalizam aspectos distintos da hist\u00f3ria de Feira de Santana, como o com\u00e9rcio de feij\u00e3o, o drama das favelas e a presen\u00e7a de religi\u00f5es afro-brasileiras.<\/p>\n<p style=\"text-align: justify;\">As obras a lan\u00e7adas s\u00e3o: O Realismo P\u00f3s-metaf\u00edsico: uma Sociedade de Exclus\u00e3o no Cinema e na Literatura (autora: Licia Soares de Sousa); Doa\u00e7\u00e3o e Transplante de \u00d3rg\u00e3os Segundo a Vis\u00e3o dos Batistas (Liliane Lins); Varia\u00e7\u00e3o Lingu\u00edstica no Semi\u00e1rido Baiano (Norma Lucia Fernandes de Almeida e Zenaide de Oliveira Novais Carneiro); Acesso aos Servi\u00e7os e Tecnologias no Sistema \u00danico de Sa\u00fade: abordagens te\u00f3ricas e pr\u00e1ticas (Marluce Maria Ara\u00fajo Assis e M\u00e1rlon Vin\u00edcius Gama Almeida); Desempenho de M\u00e9dias e Grandes Empresas do Setor Aliment\u00edcio do Nordeste Brasileiro: uma influ\u00eancia das medidas econ\u00f4micas na competitividade industrial (Jorge Aliomar Barreiros Dantas); Agribusiness: Pol\u00edticas P\u00fablicas para Commodity Caf\u00e9 \u2014 an\u00e1lise das implica\u00e7\u00f5es da cafeicultura no Brasil e no Estado da Bahia 1993-2002 (Joselito Viana); Educa\u00e7\u00e3o e Gest\u00e3o Lus\u00f3fonas: diferentes olhares, diferentes caminhos (Maria de Lourdes Haywanon Santos Ara\u00fajo e Robinson Moreira Ten\u00f3rio); Redes e Centralidades em Feira de Santana (BA): o centro de abastecimento e o com\u00e9rcio de feij\u00e3o (Alessandra Oliveira Ara\u00fajo); Modelagem Multin\u00edvel: uma abordagem aplic\u00e1vel em contextos de estudos longitudinais e de agregados (Carlos Teles); C\u00e1lculo Num\u00e9rico com Aplica\u00e7\u00f5es em VBA Excel (Magnus Pereira); Feira de Encantados: uma panor\u00e2mica da presen\u00e7a afro-brasileira em Feira de Santana: constru\u00e7\u00f5es simb\u00f3licas e ressignifica\u00e7\u00f5es (Ronaldo Senna), e Feira de Santana no contexto da urbaniza\u00e7\u00e3o brasileira e a quest\u00e3o da moradia na favela (Maria Leny Souza Oliveira).<\/p>\n<p style=\"text-align: justify;\">Nos \u00faltimos quatro anos, a UEFS Editora publicou mais de cem livros em todas as \u00e1reas do conhecimento. Com os j\u00e1 lan\u00e7ados em julho e os que ser\u00e3o lan\u00e7ados em novembro deste ano, o total de livros publicados chegar\u00e1 a 130.<\/p>\n<p style=\"text-align: justify;\">Criada em 2002 pelo Conselho Administrativo da Uefs como um \u00f3rg\u00e3o suplementar da Reitoria, s\u00f3 a partir de 2010 a UEFS Editora come\u00e7ou de fato a funcionar e ser conhecida no \u00e2mbito das editoras universit\u00e1rias brasileiras. \u201cEsse crescimento da produ\u00e7\u00e3o editorial, por ser in\u00e9dito na hist\u00f3ria da Uefs, \u00e9 um est\u00edmulo muito significativo para professores, pesquisadores e estudantes\u201d, disse o reitor Jos\u00e9 Carlos Barreto de Santana.<\/p>\n<p>&nbsp;<\/p>\n<p>&nbsp;<\/p>\n","protected":false},"excerpt":{"rendered":"<p>&nbsp; UEFS Editora lan\u00e7ou 12 novos t\u00edtulos A UEFS Editora lan\u00e7ou 12 novos t\u00edtulos na \u00faltima quinta-feira (4), no hall do pr\u00e9dio da Reitoria da Universidade Estadual de Feira de Santana. O lan\u00e7amento, aberto ao p\u00fablico, contou com a presen\u00e7a &hellip; <a href=\"https:\/\/lenidavid.com.br\/?p=5817\">Continue lendo <span class=\"meta-nav\">&rarr;<\/span><\/a><\/p>\n","protected":false},"author":1,"featured_media":0,"comment_status":"open","ping_status":"open","sticky":false,"template":"","format":"standard","meta":{"footnotes":""},"categories":[1],"tags":[1859,1471,413],"class_list":["post-5817","post","type-post","status-publish","format-standard","hentry","category-uncategorized","tag-feira-de-santana","tag-lancamento-de-livros","tag-uefs"],"_links":{"self":[{"href":"https:\/\/lenidavid.com.br\/index.php?rest_route=\/wp\/v2\/posts\/5817","targetHints":{"allow":["GET"]}}],"collection":[{"href":"https:\/\/lenidavid.com.br\/index.php?rest_route=\/wp\/v2\/posts"}],"about":[{"href":"https:\/\/lenidavid.com.br\/index.php?rest_route=\/wp\/v2\/types\/post"}],"author":[{"embeddable":true,"href":"https:\/\/lenidavid.com.br\/index.php?rest_route=\/wp\/v2\/users\/1"}],"replies":[{"embeddable":true,"href":"https:\/\/lenidavid.com.br\/index.php?rest_route=%2Fwp%2Fv2%2Fcomments&post=5817"}],"version-history":[{"count":2,"href":"https:\/\/lenidavid.com.br\/index.php?rest_route=\/wp\/v2\/posts\/5817\/revisions"}],"predecessor-version":[{"id":5821,"href":"https:\/\/lenidavid.com.br\/index.php?rest_route=\/wp\/v2\/posts\/5817\/revisions\/5821"}],"wp:attachment":[{"href":"https:\/\/lenidavid.com.br\/index.php?rest_route=%2Fwp%2Fv2%2Fmedia&parent=5817"}],"wp:term":[{"taxonomy":"category","embeddable":true,"href":"https:\/\/lenidavid.com.br\/index.php?rest_route=%2Fwp%2Fv2%2Fcategories&post=5817"},{"taxonomy":"post_tag","embeddable":true,"href":"https:\/\/lenidavid.com.br\/index.php?rest_route=%2Fwp%2Fv2%2Ftags&post=5817"}],"curies":[{"name":"wp","href":"https:\/\/api.w.org\/{rel}","templated":true}]}}