{"id":5824,"date":"2014-09-09T18:34:14","date_gmt":"2014-09-09T21:34:14","guid":{"rendered":"http:\/\/lenidavid.com.br\/?p=5824"},"modified":"2014-09-09T18:34:14","modified_gmt":"2014-09-09T21:34:14","slug":"aniversario-68-anos-sesc-no-brasil","status":"publish","type":"post","link":"https:\/\/lenidavid.com.br\/?p=5824","title":{"rendered":"Anivers\u00e1rio &#8211; 68 anos SESC no Brasil"},"content":{"rendered":"<p>&nbsp;<\/p>\n<p>Comemorando mais um ano de relevantes servi\u00e7os prestados ao pa\u00eds e com o intuito de propiciar uma grande variedade de a\u00e7\u00f5es de cidadania, educa\u00e7\u00e3o, sa\u00fade, lazer e cultura, o SESC e seus parceiros elaboraram para o dia 12 de setembro de 2014, das 09h \u00e0s 17h, os <b>68 anos SESC no Brasil<\/b>, evento que, atrav\u00e9s de a\u00e7\u00f5es e servi\u00e7os gratuitos pretende atender a um grande n\u00famero de pessoas da comunidade em geral, buscando melhorar a qualidade de vida, contribuindo assim para o pleno exerc\u00edcio da cidadania.<\/p>\n<p>Dentre as a\u00e7\u00f5es confirmadas destacamos:<\/p>\n<p>&#8211;\u00a0\u00a0\u00a0\u00a0\u00a0\u00a0\u00a0\u00a0\u00a0 Aferi\u00e7\u00e3o de Press\u00e3o Arterial;<\/p>\n<p>&#8211;\u00a0\u00a0\u00a0\u00a0\u00a0\u00a0\u00a0\u00a0\u00a0 Corte de Cabelo;<\/p>\n<p>&#8211;\u00a0\u00a0\u00a0\u00a0\u00a0\u00a0\u00a0\u00a0\u00a0 Teste de Glicemia Capilar;<\/p>\n<p>&#8211;\u00a0\u00a0\u00a0\u00a0\u00a0\u00a0\u00a0\u00a0\u00a0 Teste de Acuidade Visual;<\/p>\n<p>&#8211;\u00a0\u00a0\u00a0\u00a0\u00a0\u00a0\u00a0\u00a0\u00a0 Atividades recreativas e esportivas;<\/p>\n<p>&#8211;\u00a0\u00a0\u00a0\u00a0\u00a0\u00a0\u00a0\u00a0\u00a0 Oficina de Culin\u00e1ria, Artesanato e Meio Ambiente;<\/p>\n<p>&#8211;\u00a0\u00a0\u00a0\u00a0\u00a0\u00a0\u00a0\u00a0\u00a0 Exposi\u00e7\u00f5es Monitoradas;<b><\/b><\/p>\n<p>&#8211;\u00a0\u00a0\u00a0\u00a0\u00a0\u00a0\u00a0\u00a0\u00a0 Palestras diversas sobre Higiene Bucal, Planejamento Familiar, etc.<\/p>\n<p style=\"text-align: justify;\">Convidamos todos os feirenses a comparecer ao SESC nesta data t\u00e3o especial, ressaltando que neste dia o SESC estar\u00e1 aberto a toda comunidade para efetiva\u00e7\u00e3o dos servi\u00e7os citados!<\/p>\n<p style=\"text-align: justify;\">Apoio: <b>SENAC, Sec. Mun. de Sa\u00fade, Escola de Cabeleireiro Valney Morais, Movimento \u00c1gua \u00e9 Vida, EMBASA, Hospital da Mulher e \u00d3tica Glammour.<\/b><\/p>\n<p>.<\/p>\n","protected":false},"excerpt":{"rendered":"<p>&nbsp; Comemorando mais um ano de relevantes servi\u00e7os prestados ao pa\u00eds e com o intuito de propiciar uma grande variedade de a\u00e7\u00f5es de cidadania, educa\u00e7\u00e3o, sa\u00fade, lazer e cultura, o SESC e seus parceiros elaboraram para o dia 12 de &hellip; <a href=\"https:\/\/lenidavid.com.br\/?p=5824\">Continue lendo <span class=\"meta-nav\">&rarr;<\/span><\/a><\/p>\n","protected":false},"author":1,"featured_media":0,"comment_status":"open","ping_status":"open","sticky":false,"template":"","format":"standard","meta":{"footnotes":""},"categories":[1],"tags":[420,1859,613],"class_list":["post-5824","post","type-post","status-publish","format-standard","hentry","category-uncategorized","tag-aniversario","tag-feira-de-santana","tag-sesc"],"_links":{"self":[{"href":"https:\/\/lenidavid.com.br\/index.php?rest_route=\/wp\/v2\/posts\/5824","targetHints":{"allow":["GET"]}}],"collection":[{"href":"https:\/\/lenidavid.com.br\/index.php?rest_route=\/wp\/v2\/posts"}],"about":[{"href":"https:\/\/lenidavid.com.br\/index.php?rest_route=\/wp\/v2\/types\/post"}],"author":[{"embeddable":true,"href":"https:\/\/lenidavid.com.br\/index.php?rest_route=\/wp\/v2\/users\/1"}],"replies":[{"embeddable":true,"href":"https:\/\/lenidavid.com.br\/index.php?rest_route=%2Fwp%2Fv2%2Fcomments&post=5824"}],"version-history":[{"count":1,"href":"https:\/\/lenidavid.com.br\/index.php?rest_route=\/wp\/v2\/posts\/5824\/revisions"}],"predecessor-version":[{"id":5825,"href":"https:\/\/lenidavid.com.br\/index.php?rest_route=\/wp\/v2\/posts\/5824\/revisions\/5825"}],"wp:attachment":[{"href":"https:\/\/lenidavid.com.br\/index.php?rest_route=%2Fwp%2Fv2%2Fmedia&parent=5824"}],"wp:term":[{"taxonomy":"category","embeddable":true,"href":"https:\/\/lenidavid.com.br\/index.php?rest_route=%2Fwp%2Fv2%2Fcategories&post=5824"},{"taxonomy":"post_tag","embeddable":true,"href":"https:\/\/lenidavid.com.br\/index.php?rest_route=%2Fwp%2Fv2%2Ftags&post=5824"}],"curies":[{"name":"wp","href":"https:\/\/api.w.org\/{rel}","templated":true}]}}