{"id":6016,"date":"2015-02-26T21:54:54","date_gmt":"2015-02-27T00:54:54","guid":{"rendered":"http:\/\/lenidavid.com.br\/?p=6016"},"modified":"2015-02-26T21:57:46","modified_gmt":"2015-02-27T00:57:46","slug":"oficinas-de-artes-do-cuca-ainda-dispoem-de-vagas","status":"publish","type":"post","link":"https:\/\/lenidavid.com.br\/?p=6016","title":{"rendered":"Oficinas de artes do Cuca ainda disp\u00f5em de vagas"},"content":{"rendered":"<p>&nbsp;<\/p>\n<p style=\"text-align: justify;\">O Centro Universit\u00e1rio de Cultura e Arte (Cuca), entidade da Universidade Estadual de Feira de Santana (Uefs), realiza at\u00e9 a pr\u00f3xima ter\u00e7a-feira (3) matr\u00edcula para preenchimento de vagas remanescentes das oficinas de cria\u00e7\u00e3o art\u00edstica e teatro. As vagas s\u00e3o para as turmas de Desenho B\u00e1sico, Desenho de Observa\u00e7\u00e3o Intermedi\u00e1rio, Produ\u00e7\u00e3o em V\u00eddeo B\u00e1sico, Mosaico B\u00e1sico, Teatro Brasileiro \u2013 hist\u00f3ria de letras e vozes e Teatro Adolescente.<\/p>\n<p style=\"text-align: justify;\">O atendimento \u00e9 das 8 \u00e0s 12h e das 13 \u00e0s 17h. Ser\u00e1 cobrada taxa \u00fanica de R$ 80, v\u00e1lida para o semestre. Servidores, estudantes bolsistas e residentes da Uefs est\u00e3o isentos. Dependentes de servidores e os demais estudantes da Uefs t\u00eam desconto de 50%.<\/p>\n<p style=\"text-align: justify;\">No ato da matr\u00edcula \u00e9 preciso apresentar original de comprovante de resid\u00eancia e de documento de identifica\u00e7\u00e3o com foto ou certid\u00e3o de nascimento.<\/p>\n<p style=\"text-align: justify;\">O Cuca funciona na rua Conselheiro Franco, n\u00ba 66, Centro.<\/p>\n<p>&nbsp;<\/p>\n","protected":false},"excerpt":{"rendered":"<p>&nbsp; O Centro Universit\u00e1rio de Cultura e Arte (Cuca), entidade da Universidade Estadual de Feira de Santana (Uefs), realiza at\u00e9 a pr\u00f3xima ter\u00e7a-feira (3) matr\u00edcula para preenchimento de vagas remanescentes das oficinas de cria\u00e7\u00e3o art\u00edstica e teatro. As vagas s\u00e3o &hellip; <a href=\"https:\/\/lenidavid.com.br\/?p=6016\">Continue lendo <span class=\"meta-nav\">&rarr;<\/span><\/a><\/p>\n","protected":false},"author":1,"featured_media":0,"comment_status":"open","ping_status":"open","sticky":false,"template":"","format":"standard","meta":{"footnotes":""},"categories":[138],"tags":[382,1859],"class_list":["post-6016","post","type-post","status-publish","format-standard","hentry","category-utilidade-publica","tag-cuca","tag-feira-de-santana"],"_links":{"self":[{"href":"https:\/\/lenidavid.com.br\/index.php?rest_route=\/wp\/v2\/posts\/6016","targetHints":{"allow":["GET"]}}],"collection":[{"href":"https:\/\/lenidavid.com.br\/index.php?rest_route=\/wp\/v2\/posts"}],"about":[{"href":"https:\/\/lenidavid.com.br\/index.php?rest_route=\/wp\/v2\/types\/post"}],"author":[{"embeddable":true,"href":"https:\/\/lenidavid.com.br\/index.php?rest_route=\/wp\/v2\/users\/1"}],"replies":[{"embeddable":true,"href":"https:\/\/lenidavid.com.br\/index.php?rest_route=%2Fwp%2Fv2%2Fcomments&post=6016"}],"version-history":[{"count":3,"href":"https:\/\/lenidavid.com.br\/index.php?rest_route=\/wp\/v2\/posts\/6016\/revisions"}],"predecessor-version":[{"id":6019,"href":"https:\/\/lenidavid.com.br\/index.php?rest_route=\/wp\/v2\/posts\/6016\/revisions\/6019"}],"wp:attachment":[{"href":"https:\/\/lenidavid.com.br\/index.php?rest_route=%2Fwp%2Fv2%2Fmedia&parent=6016"}],"wp:term":[{"taxonomy":"category","embeddable":true,"href":"https:\/\/lenidavid.com.br\/index.php?rest_route=%2Fwp%2Fv2%2Fcategories&post=6016"},{"taxonomy":"post_tag","embeddable":true,"href":"https:\/\/lenidavid.com.br\/index.php?rest_route=%2Fwp%2Fv2%2Ftags&post=6016"}],"curies":[{"name":"wp","href":"https:\/\/api.w.org\/{rel}","templated":true}]}}