{"id":6089,"date":"2015-05-09T13:41:43","date_gmt":"2015-05-09T16:41:43","guid":{"rendered":"http:\/\/lenidavid.com.br\/?p=6089"},"modified":"2015-05-09T15:17:47","modified_gmt":"2015-05-09T18:17:47","slug":"o-grande-dia-reinauguracao-do-museu-regional","status":"publish","type":"post","link":"https:\/\/lenidavid.com.br\/?p=6089","title":{"rendered":"O grande dia &#8211; Reinaugura\u00e7\u00e3o do Museu Regional"},"content":{"rendered":"<p>&nbsp;<\/p>\n<p style=\"text-align: center;\"><a href=\"http:\/\/lenidavid.com.br\/wp-content\/uploads\/2015\/05\/1-A-CUCA-PR\u00c9DIO-FACHADA.jpg\"><img loading=\"lazy\" decoding=\"async\" class=\"aligncenter size-full wp-image-6090\" alt=\"1 A CUCA PR\u00c9DIO FACHADA\" src=\"http:\/\/lenidavid.com.br\/wp-content\/uploads\/2015\/05\/1-A-CUCA-PR\u00c9DIO-FACHADA.jpg\" width=\"4608\" height=\"2988\" srcset=\"https:\/\/lenidavid.com.br\/wp-content\/uploads\/2015\/05\/1-A-CUCA-PR\u00c9DIO-FACHADA.jpg 4608w, https:\/\/lenidavid.com.br\/wp-content\/uploads\/2015\/05\/1-A-CUCA-PR\u00c9DIO-FACHADA-300x194.jpg 300w, https:\/\/lenidavid.com.br\/wp-content\/uploads\/2015\/05\/1-A-CUCA-PR\u00c9DIO-FACHADA-1024x664.jpg 1024w, https:\/\/lenidavid.com.br\/wp-content\/uploads\/2015\/05\/1-A-CUCA-PR\u00c9DIO-FACHADA-462x300.jpg 462w\" sizes=\"auto, (max-width: 4608px) 100vw, 4608px\" \/><\/a><\/p>\n<p style=\"text-align: center;\"><strong>\u00c9 hoje!<\/strong><\/p>\n<p style=\"text-align: justify;\">\u00a0A Universidade Estadual de Feira de Santana (Uefs), atrav\u00e9s do Centro Universit\u00e1rio de Cultura e Arte (Cuca), reinaugura, o Museu Regional de Arte de Feira de Santana (MRA). O coquetel comemorativo, que est\u00e1 marcado para come\u00e7ar \u00e0s 20 horas, contar\u00e1 com uma vasta programa\u00e7\u00e3o cultural. Al\u00e9m de um recital de m\u00fasica cl\u00e1ssica, a ser executado pelo Grupo de C\u00e2mara do Cuca, ser\u00e3o realizadas diversas performances e interven\u00e7\u00f5es art\u00edsticas.<\/p>\n<div id=\"attachment_6091\" style=\"width: 431px\" class=\"wp-caption aligncenter\"><a href=\"http:\/\/lenidavid.com.br\/wp-content\/uploads\/2015\/05\/2-A-cesar_romero.jpg\"><img loading=\"lazy\" decoding=\"async\" aria-describedby=\"caption-attachment-6091\" class=\"size-full wp-image-6091\" alt=\"2 A cesar_romero\" src=\"http:\/\/lenidavid.com.br\/wp-content\/uploads\/2015\/05\/2-A-cesar_romero.jpg\" width=\"421\" height=\"534\" srcset=\"https:\/\/lenidavid.com.br\/wp-content\/uploads\/2015\/05\/2-A-cesar_romero.jpg 421w, https:\/\/lenidavid.com.br\/wp-content\/uploads\/2015\/05\/2-A-cesar_romero-236x300.jpg 236w\" sizes=\"auto, (max-width: 421px) 100vw, 421px\" \/><\/a><p id=\"caption-attachment-6091\" class=\"wp-caption-text\">Cesar Romero<\/p><\/div>\n<p style=\"text-align: justify;\">Ontem, sexta-feira (8), a diretoria do Cuca convidou a imprensa a conhecer as novas instala\u00e7\u00f5es do pr\u00e9dio, que passou por um minucioso processo de restaura\u00e7\u00e3o, sob a supervis\u00e3o do Instituto do Patrim\u00f4nio Art\u00edstico e Cultural da Bahia (Ipac), \u00f3rg\u00e3o respons\u00e1vel pela salvaguarda de bens culturais tang\u00edveis e intang\u00edveis e pela pol\u00edtica p\u00fablica estadual voltada ao patrim\u00f4nio cultural. Na ocasi\u00e3o foi servido um caf\u00e9 da manh\u00e3.<\/p>\n<div id=\"attachment_6092\" style=\"width: 360px\" class=\"wp-caption aligncenter\"><a href=\"http:\/\/lenidavid.com.br\/wp-content\/uploads\/2015\/05\/5-A-raimundo_de_oliveira.jpg\"><img loading=\"lazy\" decoding=\"async\" aria-describedby=\"caption-attachment-6092\" class=\"size-full wp-image-6092\" alt=\"5 A raimundo_de_oliveira\" src=\"http:\/\/lenidavid.com.br\/wp-content\/uploads\/2015\/05\/5-A-raimundo_de_oliveira.jpg\" width=\"350\" height=\"536\" srcset=\"https:\/\/lenidavid.com.br\/wp-content\/uploads\/2015\/05\/5-A-raimundo_de_oliveira.jpg 350w, https:\/\/lenidavid.com.br\/wp-content\/uploads\/2015\/05\/5-A-raimundo_de_oliveira-195x300.jpg 195w\" sizes=\"auto, (max-width: 350px) 100vw, 350px\" \/><\/a><p id=\"caption-attachment-6092\" class=\"wp-caption-text\">Raimundo de Oliveira<\/p><\/div>\n<p style=\"text-align: justify;\">Primeira institui\u00e7\u00e3o museol\u00f3gica do munic\u00edpio, o Museu Regional de Arte foi fundado em 26 de mar\u00e7o de 1967, pelo embaixador Assis Chateaubriand, magnata das comunica\u00e7\u00f5es no Brasil, que idealizou a Campanha Nacional dos Museus Regionais, com o objetivo de dotar as diferentes regi\u00f5es do Brasil com expressivos acervos de arte. Por iniciativa de Chateaubriand, o Museu Regional de Arte de Feira de Santana tem hoje uma das mais importantes cole\u00e7\u00f5es de arte do mundo.<\/p>\n<div id=\"attachment_6093\" style=\"width: 328px\" class=\"wp-caption aligncenter\"><a href=\"http:\/\/lenidavid.com.br\/wp-content\/uploads\/2015\/05\/1-A-carlo_barbosa.jpg\"><img loading=\"lazy\" decoding=\"async\" aria-describedby=\"caption-attachment-6093\" class=\"size-full wp-image-6093\" alt=\"1 A carlo_barbosa\" src=\"http:\/\/lenidavid.com.br\/wp-content\/uploads\/2015\/05\/1-A-carlo_barbosa.jpg\" width=\"318\" height=\"536\" \/><\/a><p id=\"caption-attachment-6093\" class=\"wp-caption-text\">Carlo Barbosa<\/p><\/div>\n<p style=\"text-align: justify;\">Inicialmente instalado no pr\u00e9dio onde hoje funciona o Museu de Arte Contempor\u00e2nea (MAC), o Museu Regional de Arte foi incorporado ao Cuca em 1995, passando a funcionar no imponente pr\u00e9dio de estilo ecl\u00e9tico que, no passado, abrigou a Escola Normal de Feira de Santana. Localizada na Rua Conselheiro Franco, antiga Rua Direita, a atual sede do Museu Regional permaneceu fechada por dois anos, per\u00edodo em que n\u00e3o apenas a sua estrutura f\u00edsica foi restaurada, mas tamb\u00e9m o seu imponente acervo, que passou por um meticuloso processo de limpeza e conserva\u00e7\u00e3o, realizado pelo Studio Argolo Antiguidades e Restaura\u00e7\u00f5es, de Salvador, sob o comando do renomado restaurador Jos\u00e9 Dirson Argolo.<\/p>\n<div id=\"attachment_6094\" style=\"width: 540px\" class=\"wp-caption aligncenter\"><a href=\"http:\/\/lenidavid.com.br\/wp-content\/uploads\/2015\/05\/3-A-gil_mario.jpg\"><img loading=\"lazy\" decoding=\"async\" aria-describedby=\"caption-attachment-6094\" class=\"size-full wp-image-6094\" alt=\"3 A gil_mario\" src=\"http:\/\/lenidavid.com.br\/wp-content\/uploads\/2015\/05\/3-A-gil_mario.jpg\" width=\"530\" height=\"525\" srcset=\"https:\/\/lenidavid.com.br\/wp-content\/uploads\/2015\/05\/3-A-gil_mario.jpg 530w, https:\/\/lenidavid.com.br\/wp-content\/uploads\/2015\/05\/3-A-gil_mario-150x150.jpg 150w, https:\/\/lenidavid.com.br\/wp-content\/uploads\/2015\/05\/3-A-gil_mario-300x297.jpg 300w, https:\/\/lenidavid.com.br\/wp-content\/uploads\/2015\/05\/3-A-gil_mario-302x300.jpg 302w\" sizes=\"auto, (max-width: 530px) 100vw, 530px\" \/><\/a><p id=\"caption-attachment-6094\" class=\"wp-caption-text\">Gil M\u00e1rio<\/p><\/div>\n<p style=\"text-align: justify;\"><b>Acervo hist\u00f3rico<\/b><\/p>\n<p style=\"text-align: justify;\">Com a reabertura do Museu Regional, o p\u00fablico ter\u00e1 a oportunidade de voltar a contemplar o valioso conjunto de obras assinadas por Di Cavalcanti e Vicente do Rego Monteiro, precursores do Movimento Modernista Brasileiro. A Cole\u00e7\u00e3o Inglesa, composta por 30 telas confeccionadas a \u00f3leo nas d\u00e9cadas de 50 e 60, pertencentes a consagrados artistas modernos ingleses, como Antony Donaldson, Alan Davie, Bary Burman, Bryan Organ, David Leverret, Derek Hirst, Derek Snow, Joe Tilson, John Kiki e John Piper, ser\u00e1 um dos destaques da exposi\u00e7\u00e3o de reinaugura\u00e7\u00e3o, assim como a Cole\u00e7\u00e3o de Arte Na\u00eff e a Cole\u00e7\u00e3o Nipo-Brasileira, que t\u00eam grande import\u00e2ncia no cen\u00e1rio das artes pl\u00e1sticas mundial.<\/p>\n<div id=\"attachment_6096\" style=\"width: 573px\" class=\"wp-caption aligncenter\"><a href=\"http:\/\/lenidavid.com.br\/wp-content\/uploads\/2015\/05\/4-A-juraci_dorea.jpg\"><img loading=\"lazy\" decoding=\"async\" aria-describedby=\"caption-attachment-6096\" class=\"size-full wp-image-6096\" alt=\"Juraci D\u00f3rea\" src=\"http:\/\/lenidavid.com.br\/wp-content\/uploads\/2015\/05\/4-A-juraci_dorea.jpg\" width=\"563\" height=\"571\" srcset=\"https:\/\/lenidavid.com.br\/wp-content\/uploads\/2015\/05\/4-A-juraci_dorea.jpg 563w, https:\/\/lenidavid.com.br\/wp-content\/uploads\/2015\/05\/4-A-juraci_dorea-295x300.jpg 295w\" sizes=\"auto, (max-width: 563px) 100vw, 563px\" \/><\/a><p id=\"caption-attachment-6096\" class=\"wp-caption-text\">Juraci D\u00f3rea<\/p><\/div>\n<p style=\"text-align: justify;\">De acordo com Selma Oliveira, diretora do Cuca, tamb\u00e9m compor\u00e3o a mostra obras pertencentes a importantes artistas estrangeiros naturalizados brasileiros, como Manabu Mabe, Caryb\u00e9, Hansen Bahia e Reinaldo Eckenberger, e telas de artistas feirenses e outros artistas baianos que alcan\u00e7aram proje\u00e7\u00e3o internacional, a exemplo de Raimundo de Oliveira, Carlo Barbosa, Juraci D\u00f3rea, C\u00e9sar Romero, Gil M\u00e1rio, Mario Cravo, Calasans Neto, Carlos Bastos, Jenner Augusto, Juarez Para\u00edso e Sante Scaldaferri. &#8220;A ideia \u00e9 montar a exposi\u00e7\u00e3o atrav\u00e9s de um recorte do acervo hist\u00f3rico. Vamos comemorar 48 anos de atua\u00e7\u00e3o institucional e contribui\u00e7\u00e3o para o imagin\u00e1rio cultural feirense\u201d, salientou.<\/p>\n<p>Com informa\u00e7\u00f5es de \u00cdsis Moraes \u2013 Ascom\/Uefs<\/p>\n<div id=\"attachment_6098\" style=\"width: 425px\" class=\"wp-caption aligncenter\"><a href=\"http:\/\/lenidavid.com.br\/wp-content\/uploads\/2015\/05\/6-A-mario_cravo.jpg\"><img loading=\"lazy\" decoding=\"async\" aria-describedby=\"caption-attachment-6098\" class=\"size-full wp-image-6098\" alt=\"M\u00e1rio Cravo\" src=\"http:\/\/lenidavid.com.br\/wp-content\/uploads\/2015\/05\/6-A-mario_cravo.jpg\" width=\"415\" height=\"565\" srcset=\"https:\/\/lenidavid.com.br\/wp-content\/uploads\/2015\/05\/6-A-mario_cravo.jpg 415w, https:\/\/lenidavid.com.br\/wp-content\/uploads\/2015\/05\/6-A-mario_cravo-220x300.jpg 220w\" sizes=\"auto, (max-width: 415px) 100vw, 415px\" \/><\/a><p id=\"caption-attachment-6098\" class=\"wp-caption-text\">M\u00e1rio Cravo<\/p><\/div>\n<div id=\"attachment_6099\" style=\"width: 451px\" class=\"wp-caption aligncenter\"><a href=\"http:\/\/lenidavid.com.br\/wp-content\/uploads\/2015\/05\/7-A-calasans_neto.jpg\"><img loading=\"lazy\" decoding=\"async\" aria-describedby=\"caption-attachment-6099\" class=\"size-full wp-image-6099\" alt=\"Calasans Neto\" src=\"http:\/\/lenidavid.com.br\/wp-content\/uploads\/2015\/05\/7-A-calasans_neto.jpg\" width=\"441\" height=\"550\" srcset=\"https:\/\/lenidavid.com.br\/wp-content\/uploads\/2015\/05\/7-A-calasans_neto.jpg 441w, https:\/\/lenidavid.com.br\/wp-content\/uploads\/2015\/05\/7-A-calasans_neto-240x300.jpg 240w\" sizes=\"auto, (max-width: 441px) 100vw, 441px\" \/><\/a><p id=\"caption-attachment-6099\" class=\"wp-caption-text\">Calasans Neto<\/p><\/div>\n<div id=\"attachment_6100\" style=\"width: 541px\" class=\"wp-caption aligncenter\"><a href=\"http:\/\/lenidavid.com.br\/wp-content\/uploads\/2015\/05\/9-A-hansen_bahia.jpg\"><img loading=\"lazy\" decoding=\"async\" aria-describedby=\"caption-attachment-6100\" class=\"size-full wp-image-6100\" alt=\"Hansen Bahia\" src=\"http:\/\/lenidavid.com.br\/wp-content\/uploads\/2015\/05\/9-A-hansen_bahia.jpg\" width=\"531\" height=\"336\" srcset=\"https:\/\/lenidavid.com.br\/wp-content\/uploads\/2015\/05\/9-A-hansen_bahia.jpg 531w, https:\/\/lenidavid.com.br\/wp-content\/uploads\/2015\/05\/9-A-hansen_bahia-300x189.jpg 300w, https:\/\/lenidavid.com.br\/wp-content\/uploads\/2015\/05\/9-A-hansen_bahia-474x300.jpg 474w\" sizes=\"auto, (max-width: 531px) 100vw, 531px\" \/><\/a><p id=\"caption-attachment-6100\" class=\"wp-caption-text\">Hansen Bahia<\/p><\/div>\n<div id=\"attachment_6101\" style=\"width: 568px\" class=\"wp-caption aligncenter\"><a href=\"http:\/\/lenidavid.com.br\/wp-content\/uploads\/2015\/05\/10-A-vicente_do_rego.jpg\"><img loading=\"lazy\" decoding=\"async\" aria-describedby=\"caption-attachment-6101\" class=\"size-full wp-image-6101\" alt=\"Vicente do Rego\" src=\"http:\/\/lenidavid.com.br\/wp-content\/uploads\/2015\/05\/10-A-vicente_do_rego.jpg\" width=\"558\" height=\"395\" srcset=\"https:\/\/lenidavid.com.br\/wp-content\/uploads\/2015\/05\/10-A-vicente_do_rego.jpg 558w, https:\/\/lenidavid.com.br\/wp-content\/uploads\/2015\/05\/10-A-vicente_do_rego-300x212.jpg 300w, https:\/\/lenidavid.com.br\/wp-content\/uploads\/2015\/05\/10-A-vicente_do_rego-423x300.jpg 423w\" sizes=\"auto, (max-width: 558px) 100vw, 558px\" \/><\/a><p id=\"caption-attachment-6101\" class=\"wp-caption-text\">Vicente do Rego<\/p><\/div>\n<div id=\"attachment_6102\" style=\"width: 645px\" class=\"wp-caption aligncenter\"><a href=\"http:\/\/lenidavid.com.br\/wp-content\/uploads\/2015\/05\/8-A-carybe.jpg\"><img loading=\"lazy\" decoding=\"async\" aria-describedby=\"caption-attachment-6102\" class=\"size-full wp-image-6102\" alt=\"Caryb\u00e9\" src=\"http:\/\/lenidavid.com.br\/wp-content\/uploads\/2015\/05\/8-A-carybe.jpg\" width=\"635\" height=\"600\" srcset=\"https:\/\/lenidavid.com.br\/wp-content\/uploads\/2015\/05\/8-A-carybe.jpg 635w, https:\/\/lenidavid.com.br\/wp-content\/uploads\/2015\/05\/8-A-carybe-300x283.jpg 300w, https:\/\/lenidavid.com.br\/wp-content\/uploads\/2015\/05\/8-A-carybe-317x300.jpg 317w\" sizes=\"auto, (max-width: 635px) 100vw, 635px\" \/><\/a><p id=\"caption-attachment-6102\" class=\"wp-caption-text\">Caryb\u00e9<\/p><\/div>\n<div id=\"attachment_6103\" style=\"width: 437px\" class=\"wp-caption aligncenter\"><a href=\"http:\/\/lenidavid.com.br\/wp-content\/uploads\/2015\/05\/11-A-di_cavalcanti.jpg\"><img loading=\"lazy\" decoding=\"async\" aria-describedby=\"caption-attachment-6103\" class=\"size-full wp-image-6103\" alt=\"Di Cavalcante\" src=\"http:\/\/lenidavid.com.br\/wp-content\/uploads\/2015\/05\/11-A-di_cavalcanti.jpg\" width=\"427\" height=\"538\" srcset=\"https:\/\/lenidavid.com.br\/wp-content\/uploads\/2015\/05\/11-A-di_cavalcanti.jpg 427w, https:\/\/lenidavid.com.br\/wp-content\/uploads\/2015\/05\/11-A-di_cavalcanti-238x300.jpg 238w\" sizes=\"auto, (max-width: 427px) 100vw, 427px\" \/><\/a><p id=\"caption-attachment-6103\" class=\"wp-caption-text\">Di Cavalcante<\/p><\/div>\n<div id=\"attachment_6104\" style=\"width: 542px\" class=\"wp-caption aligncenter\"><a href=\"http:\/\/lenidavid.com.br\/wp-content\/uploads\/2015\/05\/23-A-Reynolds.jpg\"><img loading=\"lazy\" decoding=\"async\" aria-describedby=\"caption-attachment-6104\" class=\"size-full wp-image-6104\" alt=\"A. Reynoldes\" src=\"http:\/\/lenidavid.com.br\/wp-content\/uploads\/2015\/05\/23-A-Reynolds.jpg\" width=\"532\" height=\"533\" srcset=\"https:\/\/lenidavid.com.br\/wp-content\/uploads\/2015\/05\/23-A-Reynolds.jpg 532w, https:\/\/lenidavid.com.br\/wp-content\/uploads\/2015\/05\/23-A-Reynolds-150x150.jpg 150w, https:\/\/lenidavid.com.br\/wp-content\/uploads\/2015\/05\/23-A-Reynolds-300x300.jpg 300w, https:\/\/lenidavid.com.br\/wp-content\/uploads\/2015\/05\/23-A-Reynolds-299x300.jpg 299w\" sizes=\"auto, (max-width: 532px) 100vw, 532px\" \/><\/a><p id=\"caption-attachment-6104\" class=\"wp-caption-text\">A. Reynoldes<\/p><\/div>\n<p>&nbsp;<\/p>\n","protected":false},"excerpt":{"rendered":"<p>&nbsp; \u00c9 hoje! \u00a0A Universidade Estadual de Feira de Santana (Uefs), atrav\u00e9s do Centro Universit\u00e1rio de Cultura e Arte (Cuca), reinaugura, o Museu Regional de Arte de Feira de Santana (MRA). O coquetel comemorativo, que est\u00e1 marcado para come\u00e7ar \u00e0s &hellip; <a href=\"https:\/\/lenidavid.com.br\/?p=6089\">Continue lendo <span class=\"meta-nav\">&rarr;<\/span><\/a><\/p>\n","protected":false},"author":1,"featured_media":0,"comment_status":"open","ping_status":"open","sticky":false,"template":"","format":"standard","meta":{"footnotes":""},"categories":[184,1],"tags":[382,1859,1810],"class_list":["post-6089","post","type-post","status-publish","format-standard","hentry","category-artes-plasticas","category-uncategorized","tag-cuca","tag-feira-de-santana","tag-reinauguracao-do-museu-regional"],"_links":{"self":[{"href":"https:\/\/lenidavid.com.br\/index.php?rest_route=\/wp\/v2\/posts\/6089","targetHints":{"allow":["GET"]}}],"collection":[{"href":"https:\/\/lenidavid.com.br\/index.php?rest_route=\/wp\/v2\/posts"}],"about":[{"href":"https:\/\/lenidavid.com.br\/index.php?rest_route=\/wp\/v2\/types\/post"}],"author":[{"embeddable":true,"href":"https:\/\/lenidavid.com.br\/index.php?rest_route=\/wp\/v2\/users\/1"}],"replies":[{"embeddable":true,"href":"https:\/\/lenidavid.com.br\/index.php?rest_route=%2Fwp%2Fv2%2Fcomments&post=6089"}],"version-history":[{"count":3,"href":"https:\/\/lenidavid.com.br\/index.php?rest_route=\/wp\/v2\/posts\/6089\/revisions"}],"predecessor-version":[{"id":6105,"href":"https:\/\/lenidavid.com.br\/index.php?rest_route=\/wp\/v2\/posts\/6089\/revisions\/6105"}],"wp:attachment":[{"href":"https:\/\/lenidavid.com.br\/index.php?rest_route=%2Fwp%2Fv2%2Fmedia&parent=6089"}],"wp:term":[{"taxonomy":"category","embeddable":true,"href":"https:\/\/lenidavid.com.br\/index.php?rest_route=%2Fwp%2Fv2%2Fcategories&post=6089"},{"taxonomy":"post_tag","embeddable":true,"href":"https:\/\/lenidavid.com.br\/index.php?rest_route=%2Fwp%2Fv2%2Ftags&post=6089"}],"curies":[{"name":"wp","href":"https:\/\/api.w.org\/{rel}","templated":true}]}}