{"id":6122,"date":"2015-05-29T01:00:39","date_gmt":"2015-05-29T04:00:39","guid":{"rendered":"http:\/\/lenidavid.com.br\/?p=6122"},"modified":"2015-05-29T01:00:39","modified_gmt":"2015-05-29T04:00:39","slug":"eterno-damario-dacruz-2","status":"publish","type":"post","link":"https:\/\/lenidavid.com.br\/?p=6122","title":{"rendered":"Eterno Dam\u00e1rio Dacruz"},"content":{"rendered":"<p>&nbsp;<\/p>\n<p align=\"center\"><strong>Observa\u00e7\u00e3o do Tempo<\/strong><\/p>\n<p align=\"center\">\n<p align=\"center\">Amanhecemos<\/p>\n<p align=\"center\">com os olhos de amanh\u00e3<\/p>\n<p align=\"center\">e o dia \u00e9 hoje.<\/p>\n<p align=\"center\">\n<p align=\"center\">Anoitecemos<\/p>\n<p align=\"center\">com os sonhos de ontem<\/p>\n<p align=\"center\">e a noite \u00e9 hoje.<\/p>\n<p align=\"center\">\n<p align=\"center\">E de tanta<\/p>\n<p align=\"center\">falta de sintonia,<\/p>\n<p align=\"center\">de tanta busca<\/p>\n<p align=\"center\">e farta agonia,<\/p>\n<p align=\"center\">rabiscamos no calend\u00e1rio<\/p>\n<p align=\"center\">a morte dos dias<\/p>\n<p align=\"center\">\u00a0\u00a0\u00a0\u00a0\u00a0\u00a0\u00a0\u00a0\u00a0\u00a0\u00a0\u00a0\u00a0\u00a0\u00a0\u00a0\u00a0\u00a0\u00a0\u00a0\u00a0\u00a0\u00a0\u00a0\u00a0\u00a0\u00a0\u00a0\u00a0\u00a0\u00a0\u00a0\u00a0\u00a0\u00a0\u00a0\u00a0\u00a0\u00a0\u00a0\u00a0\u00a0\u00a0\u00a0\u00a0\u00a0\u00a0\u00a0 (Dam\u00e1rio Dacruz)<\/p>\n<p>&nbsp;<\/p>\n","protected":false},"excerpt":{"rendered":"<p>&nbsp; Observa\u00e7\u00e3o do Tempo Amanhecemos com os olhos de amanh\u00e3 e o dia \u00e9 hoje. Anoitecemos com os sonhos de ontem e a noite \u00e9 hoje. E de tanta falta de sintonia, de tanta busca e farta agonia, rabiscamos no &hellip; <a href=\"https:\/\/lenidavid.com.br\/?p=6122\">Continue lendo <span class=\"meta-nav\">&rarr;<\/span><\/a><\/p>\n","protected":false},"author":1,"featured_media":0,"comment_status":"open","ping_status":"open","sticky":false,"template":"","format":"standard","meta":{"footnotes":""},"categories":[178],"tags":[830,1858],"class_list":["post-6122","post","type-post","status-publish","format-standard","hentry","category-estante-de-literatura","tag-damario-da-cruz","tag-poemas-e-poetas"],"_links":{"self":[{"href":"https:\/\/lenidavid.com.br\/index.php?rest_route=\/wp\/v2\/posts\/6122","targetHints":{"allow":["GET"]}}],"collection":[{"href":"https:\/\/lenidavid.com.br\/index.php?rest_route=\/wp\/v2\/posts"}],"about":[{"href":"https:\/\/lenidavid.com.br\/index.php?rest_route=\/wp\/v2\/types\/post"}],"author":[{"embeddable":true,"href":"https:\/\/lenidavid.com.br\/index.php?rest_route=\/wp\/v2\/users\/1"}],"replies":[{"embeddable":true,"href":"https:\/\/lenidavid.com.br\/index.php?rest_route=%2Fwp%2Fv2%2Fcomments&post=6122"}],"version-history":[{"count":1,"href":"https:\/\/lenidavid.com.br\/index.php?rest_route=\/wp\/v2\/posts\/6122\/revisions"}],"predecessor-version":[{"id":6123,"href":"https:\/\/lenidavid.com.br\/index.php?rest_route=\/wp\/v2\/posts\/6122\/revisions\/6123"}],"wp:attachment":[{"href":"https:\/\/lenidavid.com.br\/index.php?rest_route=%2Fwp%2Fv2%2Fmedia&parent=6122"}],"wp:term":[{"taxonomy":"category","embeddable":true,"href":"https:\/\/lenidavid.com.br\/index.php?rest_route=%2Fwp%2Fv2%2Fcategories&post=6122"},{"taxonomy":"post_tag","embeddable":true,"href":"https:\/\/lenidavid.com.br\/index.php?rest_route=%2Fwp%2Fv2%2Ftags&post=6122"}],"curies":[{"name":"wp","href":"https:\/\/api.w.org\/{rel}","templated":true}]}}