{"id":6562,"date":"2018-06-26T15:29:49","date_gmt":"2018-06-26T18:29:49","guid":{"rendered":"http:\/\/lenidavid.com.br\/?p=6562"},"modified":"2018-07-02T09:37:41","modified_gmt":"2018-07-02T12:37:41","slug":"parte-3-ida-e-volta","status":"publish","type":"post","link":"https:\/\/lenidavid.com.br\/?p=6562","title":{"rendered":"Parte 3: Ida e volta"},"content":{"rendered":"<p style=\"text-align: right;\"><em><strong>Por Simone<\/strong><\/em><\/p>\n<p style=\"text-align: left;\"><strong><\/strong>No dia do meu anivers\u00e1rio de 8 anos, lembro da minha surpresa e felicidade quando descobri na minha cama, um belo conjunto, uma camisa marrom franzida e uma saia trap\u00e9zio. Meu presente de anivers\u00e1rio. Meu bolo de anivers\u00e1rio foi uma boneca com cabelos de ameixa.<\/p>\n<p style=\"text-align: left;\">A radiola tocava:<\/p>\n<p style=\"text-align: center;\">&#8220;&#8230;Reconhece a queda<\/p>\n<p align=\"center\">e n\u00e3o desanima,<\/p>\n<p align=\"center\">Levanta, sacode a poeira<\/p>\n<p align=\"center\">e ainda volta por cima&#8230;&#8221;<\/p>\n<p align=\"center\">Paulo Vanzolini<\/p>\n<p>Nos anos 90 a m\u00fasica continuava presente no nosso Lar, est\u00e1vamos no Brasil.<\/p>\n<p>Se ouvia, Paulo Diniz, Geraldo Azevedo&#8230;<\/p>\n<p style=\"text-align: center;\">\u201cUm chope, pra distrair&#8230;\u201d<\/p>\n<p style=\"text-align: left;\">Com, 14 anos, escolhi minha pr\u00f3pria m\u00fasica, pois era adolescente, gritava nas m\u00fasicas de Rage Against the Machine. Nada muito suave e sens\u00edvel. Quero me desculpar de ter feito dano muitos ouvidos nesse per\u00edodo.<\/p>\n<p style=\"text-align: left;\">Dez anos mais tarde, quando passava meus domingos \u00e0 noite dan\u00e7ando no clube de Salsa nos Champs-Elys\u00e9es, O Montecristo, minha M\u00e3e me acordava no dia seguinte cantando:<\/p>\n<p style=\"text-align: center;\"><i>\u201cD\u00e1me m\u00fasica Latina,<\/i><\/p>\n<p align=\"center\"><i>\u00a0porque me siento muy bien&#8230;\u201d<\/i><\/p>\n<p align=\"center\"><i>(autor desconhecido)<\/i><\/p>\n<p style=\"text-align: left;\" align=\"center\"><i><\/i>Seu canto me acordava enquanto abria a janela do meu quarto, j\u00e1 era hora do almo\u00e7o.<\/p>\n<p style=\"text-align: left;\" align=\"center\"><a href=\"http:\/\/lenidavid.com.br\/wp-content\/uploads\/2018\/06\/Tableau_de_Leni-3-reduzido.png\"><img decoding=\"async\" class=\"aligncenter size-full wp-image-6566\" alt=\"Tableau_de_Leni-3-reduzido\" src=\"http:\/\/lenidavid.com.br\/wp-content\/uploads\/2018\/06\/Tableau_de_Leni-3-reduzido.png\" \/><\/a><em><span style=\"font-weight: 300;\">Auvergne<\/span><\/em><\/p>\n<p style=\"text-align: left;\" align=\"center\"><span style=\"font-weight: 300;\">Houveram dias mais tristes quando minha M\u00e3e solu\u00e7ava ouvindo o Ci\u00fame, ou Caju\u00edna de Caetano Veloso,<\/span><\/p>\n<p style=\"text-align: center;\">\u201cExistirmos,<\/p>\n<p align=\"center\">a que ser\u00e1 que se destina? \u201c<\/p>\n<p style=\"text-align: left;\" align=\"center\">\u00a0A melodia levava a tristeza pra l\u00e1, ou pelo menos tentava.<\/p>\n<p style=\"text-align: left;\" align=\"center\"><a href=\"http:\/\/lenidavid.com.br\/wp-content\/uploads\/2018\/06\/Juraci-10-reduzido.png\"><img decoding=\"async\" class=\"aligncenter size-full wp-image-6567\" alt=\"Juraci-10-reduzido\" src=\"http:\/\/lenidavid.com.br\/wp-content\/uploads\/2018\/06\/Juraci-10-reduzido.png\" \/><\/a><em>Juraci D\u00f3rea<\/em><\/p>\n<p style=\"text-align: left;\" align=\"center\">Entre Villalobos e suas<i> Bachianas Brasileiras<\/i>, Ravel e seu <i>Bolero, As Quatro esta\u00e7\u00f5es de Vivaldi, os <\/i>cantores de MPB iluminavam essa sala de Ch\u00e2tillon, no sul de Paris, onde a saudade Brasileira era palp\u00e1vel apesar da linda vista para Montmartre.<\/p>\n<p><strong><a title=\"Parte 3: Ida e volta\" href=\"http:\/\/lenidavid.com.br\/?p=6562\">Anterior<\/a>\u00a0 \u00a0 \u00a0 \u00a0 \u00a0 \u00a0 \u00a0 \u00a0 \u00a0 \u00a0 \u00a0 \u00a0 \u00a0 \u00a0 \u00a0 \u00a0 \u00a0 \u00a0 \u00a0 \u00a0 \u00a0 \u00a0 \u00a0 \u00a0 \u00a0 \u00a0 \u00a0 \u00a0 \u00a0 \u00a0 \u00a0 \u00a0 \u00a0 \u00a0 \u00a0 \u00a0 \u00a0 \u00a0 \u00a0 \u00a0 \u00a0 \u00a0 \u00a0 \u00a0 \u00a0 \u00a0 \u00a0 \u00a0 \u00a0 \u00a0 \u00a0 <a title=\"Parte 4: A volta ao Brasil\" href=\"http:\/\/lenidavid.com.br\/?p=6572\">Pr\u00f3ximo<\/a><\/strong><\/p>\n","protected":false},"excerpt":{"rendered":"<p>Por Simone No dia do meu anivers\u00e1rio de 8 anos, lembro da minha surpresa e felicidade quando descobri na minha cama, um belo conjunto, uma camisa marrom franzida e uma saia trap\u00e9zio. Meu presente de anivers\u00e1rio. Meu bolo de anivers\u00e1rio &hellip; <a href=\"https:\/\/lenidavid.com.br\/?p=6562\">Continue lendo <span class=\"meta-nav\">&rarr;<\/span><\/a><\/p>\n","protected":false},"author":1,"featured_media":0,"comment_status":"open","ping_status":"open","sticky":false,"template":"","format":"standard","meta":{"footnotes":""},"categories":[1,13],"tags":[],"class_list":["post-6562","post","type-post","status-publish","format-standard","hentry","category-uncategorized","category-homenagens"],"_links":{"self":[{"href":"https:\/\/lenidavid.com.br\/index.php?rest_route=\/wp\/v2\/posts\/6562","targetHints":{"allow":["GET"]}}],"collection":[{"href":"https:\/\/lenidavid.com.br\/index.php?rest_route=\/wp\/v2\/posts"}],"about":[{"href":"https:\/\/lenidavid.com.br\/index.php?rest_route=\/wp\/v2\/types\/post"}],"author":[{"embeddable":true,"href":"https:\/\/lenidavid.com.br\/index.php?rest_route=\/wp\/v2\/users\/1"}],"replies":[{"embeddable":true,"href":"https:\/\/lenidavid.com.br\/index.php?rest_route=%2Fwp%2Fv2%2Fcomments&post=6562"}],"version-history":[{"count":8,"href":"https:\/\/lenidavid.com.br\/index.php?rest_route=\/wp\/v2\/posts\/6562\/revisions"}],"predecessor-version":[{"id":6607,"href":"https:\/\/lenidavid.com.br\/index.php?rest_route=\/wp\/v2\/posts\/6562\/revisions\/6607"}],"wp:attachment":[{"href":"https:\/\/lenidavid.com.br\/index.php?rest_route=%2Fwp%2Fv2%2Fmedia&parent=6562"}],"wp:term":[{"taxonomy":"category","embeddable":true,"href":"https:\/\/lenidavid.com.br\/index.php?rest_route=%2Fwp%2Fv2%2Fcategories&post=6562"},{"taxonomy":"post_tag","embeddable":true,"href":"https:\/\/lenidavid.com.br\/index.php?rest_route=%2Fwp%2Fv2%2Ftags&post=6562"}],"curies":[{"name":"wp","href":"https:\/\/api.w.org\/{rel}","templated":true}]}}