{"id":795,"date":"2010-07-15T03:52:50","date_gmt":"2010-07-15T06:52:50","guid":{"rendered":"http:\/\/lenidavid.com.br\/?p=795"},"modified":"2010-07-15T03:55:39","modified_gmt":"2010-07-15T06:55:39","slug":"fogos-de-artificio-iluminam-paris","status":"publish","type":"post","link":"https:\/\/lenidavid.com.br\/?p=795","title":{"rendered":"Fogos de artif\u00edcio iluminam Paris no 14 de julho"},"content":{"rendered":"<p style=\"padding-left: 30px;\"><object classid=\"clsid:d27cdb6e-ae6d-11cf-96b8-444553540000\" width=\"500\" height=\"405\" codebase=\"http:\/\/download.macromedia.com\/pub\/shockwave\/cabs\/flash\/swflash.cab#version=6,0,40,0\"><param   name=\"allowFullScreen\" value=\"true\" \/><param name=\"allowscriptaccess\" value=\"always\" \/><param name=\"src\" value=\"http:\/\/www.youtube.com\/v\/4CuEQTDNxvo&amp;hl=fr_FR&amp;fs=1?color1=0x5d1719&amp;color2=0xcd311b&amp;border=1\" \/><param name=\"allowfullscreen\" value=\"true\" \/><embed type=\"application\/x-shockwave-flash\" width=\"500\" height=\"405\" src=\"http:\/\/www.youtube.com\/v\/4CuEQTDNxvo&amp;hl=fr_FR&amp;fs=1?color1=0x5d1719&amp;color2=0xcd311b&amp;border=1\" allowfullscreen=\"true\" allowscriptaccess=\"always\"><\/embed><\/object><\/p>\n<p style=\"text-align: justify; padding-left: 30px;\"><span style=\"font-family: Calibri;\">O 14 de julho na Fran\u00e7a, a \u201cf\u00eate nationale\u201d, \u00e9 marcada por desfiles militares, muita festa e bailes nas ruas, culminando com o espet\u00e1culo de fogos de artif\u00edcio, no Champs de Mars ou em Trocadero, perto da Torre Eiffel.<\/span><\/p>\n<p style=\"text-align: justify; padding-left: 30px;\"><span style=\"font-family: Calibri;\">Geralmente associado \u00e0 tomada da Bastilha, o 14 de julho\u00a0 \u00e9 a festa da Federa\u00e7\u00e3o (14 julho 1790). Ocorre que, na manh\u00e3 de 14 de julho 1789 a popula\u00e7\u00e3o com medo das tropas de Luis XVI\u00a0resolveu procurar armas para se defender. Estas armas ficavam guardadas nos &#8220;Invalides&#8221;. Uma vez de posse das armas faltava a muni\u00e7\u00e3o que ficava guardada na pris\u00e3o da &#8220;Bastille&#8221;, uma fortaleza real. Ap\u00f3s uma batalha sangrenta a popula\u00e7\u00e3o tomou a Bastilha e liberou os prisioneiros.\u00a0O edif\u00edcio foi demolido e hoje\u00a0 existe na pra\u00e7a, para perpetuar a mem\u00f3ria, a Collone juillet.\u00a0<br \/>\n<\/span><span style=\"font-family: Calibri;\"><br \/>\nNos dias atuais a festa come\u00e7a\u00a0 no dia 13 \u00e0 noite. No dia 14, todos os sinos das igrejas francesas tocam.\u00a0O desfile   militar tem in\u00edcio, ap\u00f3s as salvas, na famosa avenida dos Champs-\u00c9lys\u00e9es, em Paris, e \u00e0\u00a0tarde, bailes populares e espet\u00e1culos animam a capital; \u00e0 noite acontece um espet\u00e1culo de fogos de artif\u00edcio.<br \/>\n\u00a0<\/span><\/p>\n","protected":false},"excerpt":{"rendered":"<p>O 14 de julho na Fran\u00e7a, a \u201cf\u00eate nationale\u201d, \u00e9 marcada por desfiles militares, muita festa e bailes nas ruas, culminando com o espet\u00e1culo de fogos de artif\u00edcio, no Champs de Mars ou em Trocadero, perto da Torre Eiffel. Geralmente &hellip; <a href=\"https:\/\/lenidavid.com.br\/?p=795\">Continue lendo <span class=\"meta-nav\">&rarr;<\/span><\/a><\/p>\n","protected":false},"author":1,"featured_media":0,"comment_status":"open","ping_status":"open","sticky":false,"template":"","format":"standard","meta":{"footnotes":""},"categories":[1,263],"tags":[291,292,293,174],"class_list":["post-795","post","type-post","status-publish","format-standard","hentry","category-uncategorized","category-festas","tag-14-de-julho-em-paris","tag-fete-nationale","tag-feux-dartifice","tag-franca"],"_links":{"self":[{"href":"https:\/\/lenidavid.com.br\/index.php?rest_route=\/wp\/v2\/posts\/795","targetHints":{"allow":["GET"]}}],"collection":[{"href":"https:\/\/lenidavid.com.br\/index.php?rest_route=\/wp\/v2\/posts"}],"about":[{"href":"https:\/\/lenidavid.com.br\/index.php?rest_route=\/wp\/v2\/types\/post"}],"author":[{"embeddable":true,"href":"https:\/\/lenidavid.com.br\/index.php?rest_route=\/wp\/v2\/users\/1"}],"replies":[{"embeddable":true,"href":"https:\/\/lenidavid.com.br\/index.php?rest_route=%2Fwp%2Fv2%2Fcomments&post=795"}],"version-history":[{"count":2,"href":"https:\/\/lenidavid.com.br\/index.php?rest_route=\/wp\/v2\/posts\/795\/revisions"}],"predecessor-version":[{"id":797,"href":"https:\/\/lenidavid.com.br\/index.php?rest_route=\/wp\/v2\/posts\/795\/revisions\/797"}],"wp:attachment":[{"href":"https:\/\/lenidavid.com.br\/index.php?rest_route=%2Fwp%2Fv2%2Fmedia&parent=795"}],"wp:term":[{"taxonomy":"category","embeddable":true,"href":"https:\/\/lenidavid.com.br\/index.php?rest_route=%2Fwp%2Fv2%2Fcategories&post=795"},{"taxonomy":"post_tag","embeddable":true,"href":"https:\/\/lenidavid.com.br\/index.php?rest_route=%2Fwp%2Fv2%2Ftags&post=795"}],"curies":[{"name":"wp","href":"https:\/\/api.w.org\/{rel}","templated":true}]}}